
{"id":95016,"date":"2021-05-25T19:44:50","date_gmt":"2021-05-25T22:44:50","guid":{"rendered":"https:\/\/www.sudoestehoje.com.br\/novoportal\/?p=95016"},"modified":"2021-05-25T19:51:48","modified_gmt":"2021-05-25T22:51:48","slug":"coronavac-baixa-eficacia-acima-de-80-anos-abre-debate-sobre-revacinacao","status":"publish","type":"post","link":"https:\/\/www.sudoestehoje.com.br\/novoportal\/2021\/05\/25\/coronavac-baixa-eficacia-acima-de-80-anos-abre-debate-sobre-revacinacao\/","title":{"rendered":"CORONAVAC: BAIXA EFIC\u00c1CIA ACIMA DE 80 ANOS ABRE DEBATE SOBRE REVACINA\u00c7\u00c3O"},"content":{"rendered":"<p><a href=\"https:\/\/www.sudoestehoje.com.br\/novoportal\/wp-content\/uploads\/2021\/05\/coronavac-eficacia.jpg\"><img loading=\"lazy\" decoding=\"async\" class=\"aligncenter size-medium wp-image-95017\" src=\"https:\/\/www.sudoestehoje.com.br\/novoportal\/wp-content\/uploads\/2021\/05\/coronavac-eficacia-500x333.jpg\" alt=\"\" width=\"500\" height=\"333\" srcset=\"https:\/\/www.sudoestehoje.com.br\/novoportal\/wp-content\/uploads\/2021\/05\/coronavac-eficacia-500x333.jpg 500w, https:\/\/www.sudoestehoje.com.br\/novoportal\/wp-content\/uploads\/2021\/05\/coronavac-eficacia.jpg 680w\" sizes=\"auto, (max-width: 500px) 100vw, 500px\" \/><\/a><\/p>\n<p>Um estudo sobre a efic\u00e1cia da CoronaVac levantou a discuss\u00e3o em rela\u00e7\u00e3o \u00e0 necessidade de revacinar idosos acima de 80 anos ainda em 2021. A pesquisa mostrou que a taxa de prote\u00e7\u00e3o do imunizante cai\u00a0conforme a idade do paciente.<\/p>\n<p>Em pessoas com idade entre 70 e 74 anos, a efic\u00e1cia est\u00e1 em 61,8%. No grupo entre 75 e 79 anos, a porcentagem cai para 48,9%, enquanto em idosos acima de 80 anos o n\u00famero chega a apenas 28%.<\/p>\n<p>O indicador encontrado foi considerado superior ou similar \u00e0 efic\u00e1cia verificada durante os estudos cl\u00ednicos da vacina no Brasil \u2013 50,7% \u2013, por\u00e9m a queda acentuada nos octogen\u00e1rios liga o sinal de alerta sobre essa faixa et\u00e1ria.\u00a0<span style=\"color: #0000ff;\"><strong><a style=\"color: #0000ff;\" href=\"https:\/\/veja.abril.com.br\/saude\/coronavac-baixa-eficacia-acima-dos-80-anos-abre-debate-sobre-revacinacao\/?fbclid=IwAR1NSEUlLM7EwpIXOA4lU5aE0fuu5nm9aN5eoZekVcm7lQpO4ruq2Dr5jiU\">Leia mais na Veja<\/a><\/strong><\/span><\/p>\n","protected":false},"excerpt":{"rendered":"<p>Um estudo sobre a efic\u00e1cia da CoronaVac levantou a discuss\u00e3o em rela\u00e7\u00e3o \u00e0 necessidade de revacinar idosos acima de 80 anos ainda em 2021. A pesquisa mostrou que a taxa de prote\u00e7\u00e3o do imunizante cai\u00a0conforme a idade do paciente. Em pessoas com idade entre 70 e 74 anos, a efic\u00e1cia est\u00e1 em 61,8%. No grupo [&hellip;]<\/p>\n","protected":false},"author":2,"featured_media":95017,"comment_status":"open","ping_status":"open","sticky":false,"template":"","format":"standard","meta":{"footnotes":"","_links_to":"","_links_to_target":""},"categories":[1],"tags":[],"class_list":["post-95016","post","type-post","status-publish","format-standard","has-post-thumbnail","hentry","category-geral"],"views":1008,"_links":{"self":[{"href":"https:\/\/www.sudoestehoje.com.br\/novoportal\/wp-json\/wp\/v2\/posts\/95016","targetHints":{"allow":["GET"]}}],"collection":[{"href":"https:\/\/www.sudoestehoje.com.br\/novoportal\/wp-json\/wp\/v2\/posts"}],"about":[{"href":"https:\/\/www.sudoestehoje.com.br\/novoportal\/wp-json\/wp\/v2\/types\/post"}],"author":[{"embeddable":true,"href":"https:\/\/www.sudoestehoje.com.br\/novoportal\/wp-json\/wp\/v2\/users\/2"}],"replies":[{"embeddable":true,"href":"https:\/\/www.sudoestehoje.com.br\/novoportal\/wp-json\/wp\/v2\/comments?post=95016"}],"version-history":[{"count":3,"href":"https:\/\/www.sudoestehoje.com.br\/novoportal\/wp-json\/wp\/v2\/posts\/95016\/revisions"}],"predecessor-version":[{"id":95020,"href":"https:\/\/www.sudoestehoje.com.br\/novoportal\/wp-json\/wp\/v2\/posts\/95016\/revisions\/95020"}],"wp:featuredmedia":[{"embeddable":true,"href":"https:\/\/www.sudoestehoje.com.br\/novoportal\/wp-json\/wp\/v2\/media\/95017"}],"wp:attachment":[{"href":"https:\/\/www.sudoestehoje.com.br\/novoportal\/wp-json\/wp\/v2\/media?parent=95016"}],"wp:term":[{"taxonomy":"category","embeddable":true,"href":"https:\/\/www.sudoestehoje.com.br\/novoportal\/wp-json\/wp\/v2\/categories?post=95016"},{"taxonomy":"post_tag","embeddable":true,"href":"https:\/\/www.sudoestehoje.com.br\/novoportal\/wp-json\/wp\/v2\/tags?post=95016"}],"curies":[{"name":"wp","href":"https:\/\/api.w.org\/{rel}","templated":true}]}}