
{"id":95012,"date":"2021-05-25T11:45:27","date_gmt":"2021-05-25T14:45:27","guid":{"rendered":"https:\/\/www.sudoestehoje.com.br\/novoportal\/?p=95012"},"modified":"2021-05-25T11:45:27","modified_gmt":"2021-05-25T14:45:27","slug":"itapetinga-camara-realiza-sessao-especial-em-homenagem-ao-dia-do-gari","status":"publish","type":"post","link":"https:\/\/www.sudoestehoje.com.br\/novoportal\/2021\/05\/25\/itapetinga-camara-realiza-sessao-especial-em-homenagem-ao-dia-do-gari\/","title":{"rendered":"ITAPETINGA: C\u00c2MARA REALIZA SESS\u00c3O ESPECIAL EM HOMENAGEM AO &#8216;DIA DO GARI&#8217;"},"content":{"rendered":"<p><a href=\"https:\/\/www.sudoestehoje.com.br\/novoportal\/wp-content\/uploads\/2021\/05\/DIA-DO-GARI.png\"><img loading=\"lazy\" decoding=\"async\" class=\"aligncenter size-full wp-image-95013\" src=\"https:\/\/www.sudoestehoje.com.br\/novoportal\/wp-content\/uploads\/2021\/05\/DIA-DO-GARI.png\" alt=\"\" width=\"480\" height=\"576\" \/><\/a><\/p>\n<p>Por iniciativa do vereador Anderson da Nova (DEM), a C\u00e2mara Municipal de Itapetinga vai realizar uma sess\u00e3o especial em homenagem aos profissionais da limpeza urbana, os garis. O evento acontecer\u00e1 nesta quarta-feira (26), \u00e0s 10 horas, no Plen\u00e1rio Ulysses Guimar\u00e3es.<\/p>\n<p>No requerimento em que solicitou a sess\u00e3o especial, o vereador Anderson da Nova destaca a import\u00e2ncia da categoria para o munic\u00edpio.\u00a0<em>\u201cS\u00e3o homens e mulheres, pais e m\u00e3es de fam\u00edlia que enfrentam sol, chuva, vento e poeira. De segunda a s\u00e1bado est\u00e3o nas ruas com um \u00fanico objetivo: manter a cidade mais bonita para todos\u201d,\u00a0<\/em>ressaltou.<\/p>\n<p>Em raz\u00e3o da pandemia da Covid-19, o acesso do p\u00fablico ser\u00e1 limitado. A sess\u00e3o especial ser\u00e1 transmitida ao vivo pela Fascina\u00e7\u00e3o AM,\u00a0<a href=\"https:\/\/www.facebook.com\/camaraitapetingaoficial\">Facebook\/camaraitapetingaoficial<\/a>\u00a0e canal\u00a0<a href=\"https:\/\/www.youtube.com\/tvcamaraitapetinga\">TV C\u00e2mara Itapetinga no YouTube<\/a>.<\/p>\n","protected":false},"excerpt":{"rendered":"<p>Por iniciativa do vereador Anderson da Nova (DEM), a C\u00e2mara Municipal de Itapetinga vai realizar uma sess\u00e3o especial em homenagem aos profissionais da limpeza urbana, os garis. O evento acontecer\u00e1 nesta quarta-feira (26), \u00e0s 10 horas, no Plen\u00e1rio Ulysses Guimar\u00e3es. No requerimento em que solicitou a sess\u00e3o especial, o vereador Anderson da Nova destaca a [&hellip;]<\/p>\n","protected":false},"author":2,"featured_media":95013,"comment_status":"open","ping_status":"open","sticky":false,"template":"","format":"standard","meta":{"footnotes":"","_links_to":"","_links_to_target":""},"categories":[1],"tags":[],"class_list":["post-95012","post","type-post","status-publish","format-standard","has-post-thumbnail","hentry","category-geral"],"views":765,"_links":{"self":[{"href":"https:\/\/www.sudoestehoje.com.br\/novoportal\/wp-json\/wp\/v2\/posts\/95012","targetHints":{"allow":["GET"]}}],"collection":[{"href":"https:\/\/www.sudoestehoje.com.br\/novoportal\/wp-json\/wp\/v2\/posts"}],"about":[{"href":"https:\/\/www.sudoestehoje.com.br\/novoportal\/wp-json\/wp\/v2\/types\/post"}],"author":[{"embeddable":true,"href":"https:\/\/www.sudoestehoje.com.br\/novoportal\/wp-json\/wp\/v2\/users\/2"}],"replies":[{"embeddable":true,"href":"https:\/\/www.sudoestehoje.com.br\/novoportal\/wp-json\/wp\/v2\/comments?post=95012"}],"version-history":[{"count":1,"href":"https:\/\/www.sudoestehoje.com.br\/novoportal\/wp-json\/wp\/v2\/posts\/95012\/revisions"}],"predecessor-version":[{"id":95014,"href":"https:\/\/www.sudoestehoje.com.br\/novoportal\/wp-json\/wp\/v2\/posts\/95012\/revisions\/95014"}],"wp:featuredmedia":[{"embeddable":true,"href":"https:\/\/www.sudoestehoje.com.br\/novoportal\/wp-json\/wp\/v2\/media\/95013"}],"wp:attachment":[{"href":"https:\/\/www.sudoestehoje.com.br\/novoportal\/wp-json\/wp\/v2\/media?parent=95012"}],"wp:term":[{"taxonomy":"category","embeddable":true,"href":"https:\/\/www.sudoestehoje.com.br\/novoportal\/wp-json\/wp\/v2\/categories?post=95012"},{"taxonomy":"post_tag","embeddable":true,"href":"https:\/\/www.sudoestehoje.com.br\/novoportal\/wp-json\/wp\/v2\/tags?post=95012"}],"curies":[{"name":"wp","href":"https:\/\/api.w.org\/{rel}","templated":true}]}}