
{"id":95009,"date":"2021-05-25T09:49:12","date_gmt":"2021-05-25T12:49:12","guid":{"rendered":"https:\/\/www.sudoestehoje.com.br\/novoportal\/?p=95009"},"modified":"2021-05-25T09:49:12","modified_gmt":"2021-05-25T12:49:12","slug":"medida-ineficaz-governador-manda-fechar-comercio-em-todo-oeste-baiano","status":"publish","type":"post","link":"https:\/\/www.sudoestehoje.com.br\/novoportal\/2021\/05\/25\/medida-ineficaz-governador-manda-fechar-comercio-em-todo-oeste-baiano\/","title":{"rendered":"MEDIDA INEFICAZ: GOVERNADOR MANDA FECHAR COM\u00c9RCIO EM TODO OESTE BAIANO"},"content":{"rendered":"<p><a href=\"https:\/\/www.sudoestehoje.com.br\/novoportal\/wp-content\/uploads\/2021\/05\/BARREIRAS-FECHA.jpg\"><img loading=\"lazy\" decoding=\"async\" class=\"aligncenter size-medium wp-image-95010\" src=\"https:\/\/www.sudoestehoje.com.br\/novoportal\/wp-content\/uploads\/2021\/05\/BARREIRAS-FECHA-500x307.jpg\" alt=\"\" width=\"500\" height=\"307\" srcset=\"https:\/\/www.sudoestehoje.com.br\/novoportal\/wp-content\/uploads\/2021\/05\/BARREIRAS-FECHA-500x307.jpg 500w, https:\/\/www.sudoestehoje.com.br\/novoportal\/wp-content\/uploads\/2021\/05\/BARREIRAS-FECHA-700x430.jpg 700w, https:\/\/www.sudoestehoje.com.br\/novoportal\/wp-content\/uploads\/2021\/05\/BARREIRAS-FECHA-768x472.jpg 768w, https:\/\/www.sudoestehoje.com.br\/novoportal\/wp-content\/uploads\/2021\/05\/BARREIRAS-FECHA.jpg 984w\" sizes=\"auto, (max-width: 500px) 100vw, 500px\" \/><\/a><\/p>\n<p>O governador Rui Costa suspendeu o funcionamento do com\u00e9rcio em 24 munic\u00edpios baianos da regi\u00e3o Oeste a partir desta ter\u00e7a-feira (25). A restri\u00e7\u00e3o, que vai at\u00e9 o pr\u00f3ximo domingo (30), foi publicada na edi\u00e7\u00e3o de hoje do Di\u00e1rio Oficial do Estado (DOE) e visa combater o agramento da pandemia.<\/p>\n<p>O decreto autoriza apenas o funcionamento de servi\u00e7os essenciais, &#8220;notadamente as atividades relacionadas \u00e0 sa\u00fade e ao enfrentamento da pandemia, como transporte, servi\u00e7o de entrega de medicamentos e demais insumos necess\u00e1rios para manuten\u00e7\u00e3o das atividades de sa\u00fade e as obras em hospitais e a constru\u00e7\u00e3o de unidades de sa\u00fade, bem como \u00e0 comercializa\u00e7\u00e3o de g\u00eaneros aliment\u00edcios e feiras livres, \u00e0 seguran\u00e7a e a atividades de urg\u00eancia e emerg\u00eancia&#8221;.<\/p>\n<p>Confira os munic\u00edpios atingidos: Angical, Baian\u00f3polis, Barra, Barreiras, Brejol\u00e2ndia, Brotas de Maca\u00fabas, Buritirama, Catol\u00e2ndia, Cotegipe, Crist\u00f3polis, Formosa do Rio Preto, Ibotirama, Ipupiara, Lu\u00eds Eduardo Magalh\u00e3es, Mansid\u00e3o, Morpar\u00e1, Muqu\u00e9m do S\u00e3o Francisco, Oliveira dos Brejinhos, Paratinga, Riach\u00e3o das Neves, Santa Rita de C\u00e1ssia, S\u00e3o Desid\u00e9rio, Tabocas do Brejo Velho e Wanderley.<\/p>\n<p>Na pr\u00e1tica, o governo tenta, desesperadamente, conter o avan\u00e7o da pandemia via decretos, medida que j\u00e1 se mostrou ineficaz.<\/p>\n","protected":false},"excerpt":{"rendered":"<p>O governador Rui Costa suspendeu o funcionamento do com\u00e9rcio em 24 munic\u00edpios baianos da regi\u00e3o Oeste a partir desta ter\u00e7a-feira (25). A restri\u00e7\u00e3o, que vai at\u00e9 o pr\u00f3ximo domingo (30), foi publicada na edi\u00e7\u00e3o de hoje do Di\u00e1rio Oficial do Estado (DOE) e visa combater o agramento da pandemia. O decreto autoriza apenas o funcionamento [&hellip;]<\/p>\n","protected":false},"author":2,"featured_media":95010,"comment_status":"open","ping_status":"open","sticky":false,"template":"","format":"standard","meta":{"footnotes":"","_links_to":"","_links_to_target":""},"categories":[1],"tags":[],"class_list":["post-95009","post","type-post","status-publish","format-standard","has-post-thumbnail","hentry","category-geral"],"views":1039,"_links":{"self":[{"href":"https:\/\/www.sudoestehoje.com.br\/novoportal\/wp-json\/wp\/v2\/posts\/95009","targetHints":{"allow":["GET"]}}],"collection":[{"href":"https:\/\/www.sudoestehoje.com.br\/novoportal\/wp-json\/wp\/v2\/posts"}],"about":[{"href":"https:\/\/www.sudoestehoje.com.br\/novoportal\/wp-json\/wp\/v2\/types\/post"}],"author":[{"embeddable":true,"href":"https:\/\/www.sudoestehoje.com.br\/novoportal\/wp-json\/wp\/v2\/users\/2"}],"replies":[{"embeddable":true,"href":"https:\/\/www.sudoestehoje.com.br\/novoportal\/wp-json\/wp\/v2\/comments?post=95009"}],"version-history":[{"count":1,"href":"https:\/\/www.sudoestehoje.com.br\/novoportal\/wp-json\/wp\/v2\/posts\/95009\/revisions"}],"predecessor-version":[{"id":95011,"href":"https:\/\/www.sudoestehoje.com.br\/novoportal\/wp-json\/wp\/v2\/posts\/95009\/revisions\/95011"}],"wp:featuredmedia":[{"embeddable":true,"href":"https:\/\/www.sudoestehoje.com.br\/novoportal\/wp-json\/wp\/v2\/media\/95010"}],"wp:attachment":[{"href":"https:\/\/www.sudoestehoje.com.br\/novoportal\/wp-json\/wp\/v2\/media?parent=95009"}],"wp:term":[{"taxonomy":"category","embeddable":true,"href":"https:\/\/www.sudoestehoje.com.br\/novoportal\/wp-json\/wp\/v2\/categories?post=95009"},{"taxonomy":"post_tag","embeddable":true,"href":"https:\/\/www.sudoestehoje.com.br\/novoportal\/wp-json\/wp\/v2\/tags?post=95009"}],"curies":[{"name":"wp","href":"https:\/\/api.w.org\/{rel}","templated":true}]}}