
{"id":95005,"date":"2021-05-25T09:27:47","date_gmt":"2021-05-25T12:27:47","guid":{"rendered":"https:\/\/www.sudoestehoje.com.br\/novoportal\/?p=95005"},"modified":"2021-05-25T09:27:47","modified_gmt":"2021-05-25T12:27:47","slug":"itapetinga-vereadora-manu-brandao-promove-audiencia-publica-para-discutir-doacoes-no-imposto-de-renda-pessoa-fisica","status":"publish","type":"post","link":"https:\/\/www.sudoestehoje.com.br\/novoportal\/2021\/05\/25\/itapetinga-vereadora-manu-brandao-promove-audiencia-publica-para-discutir-doacoes-no-imposto-de-renda-pessoa-fisica\/","title":{"rendered":"ITAPETINGA: VEREADORA MANU BRAND\u00c3O PROMOVE AUDI\u00caNCIA P\u00daBLICA PARA DISCUTIR DOA\u00c7\u00d5ES NO IMPOSTO DE RENDA PESSOA F\u00cdSICA"},"content":{"rendered":"<p><a href=\"https:\/\/www.sudoestehoje.com.br\/novoportal\/wp-content\/uploads\/2021\/05\/MANU-AUDIENCIA-IR.jpeg\"><img loading=\"lazy\" decoding=\"async\" class=\"aligncenter size-medium wp-image-95006\" src=\"https:\/\/www.sudoestehoje.com.br\/novoportal\/wp-content\/uploads\/2021\/05\/MANU-AUDIENCIA-IR-500x500.jpeg\" alt=\"\" width=\"500\" height=\"500\" srcset=\"https:\/\/www.sudoestehoje.com.br\/novoportal\/wp-content\/uploads\/2021\/05\/MANU-AUDIENCIA-IR-500x500.jpeg 500w, https:\/\/www.sudoestehoje.com.br\/novoportal\/wp-content\/uploads\/2021\/05\/MANU-AUDIENCIA-IR-700x700.jpeg 700w, https:\/\/www.sudoestehoje.com.br\/novoportal\/wp-content\/uploads\/2021\/05\/MANU-AUDIENCIA-IR-150x150.jpeg 150w, https:\/\/www.sudoestehoje.com.br\/novoportal\/wp-content\/uploads\/2021\/05\/MANU-AUDIENCIA-IR-768x768.jpeg 768w, https:\/\/www.sudoestehoje.com.br\/novoportal\/wp-content\/uploads\/2021\/05\/MANU-AUDIENCIA-IR.jpeg 1080w\" sizes=\"auto, (max-width: 500px) 100vw, 500px\" \/><\/a><\/p>\n<p>De iniciativa da vereadora Manu Brand\u00e3o (MDB), ser\u00e1 realizada uma audi\u00eancia p\u00fablica virtual na C\u00e2mara Municipal de Itapetinga, na pr\u00f3xima sexta-feira (28), \u00e0s 10 horas, com o tema \u201cDoa\u00e7\u00f5es do Imposto de Renda Pessoa F\u00edsica aos Fundos de Direito\u201d.<\/p>\n<p>O assunto ser\u00e1 abordado pelo delegado da Receita Federal do Brasil em Vit\u00f3ria da Conquista, Andrey Soares de Oliveira, que \u00e9 graduado em Ci\u00eancias Cont\u00e1beis e Auditor-Fiscal da Receita Federal do Brasil.<\/p>\n<p>O palestrante vai falar sobre a destina\u00e7\u00e3o de parte do Imposto de Renda Pessoa F\u00edsica aos fundos de direito, oportunidade para que os participantes conhe\u00e7am o que \u00e9 e como pode ser feita a destina\u00e7\u00e3o de parte do imposto de renda para ajudar projetos sociais que atendem crian\u00e7as, adolescentes e idosos.<\/p>\n<p>A audi\u00eancia p\u00fablica tem como objetivo divulgar a Campanha Destina\u00e7\u00e3o \u2013 O Imposto de Renda a servi\u00e7o da cidadania, como uma a\u00e7\u00e3o efetiva de cidadania fiscal que interfere diretamente na realidade social onde atuam os fundos escolhidos para receberem os valores destinados pelo cidad\u00e3o declarante de Imposto de Renda Pessoa F\u00edsica e tamb\u00e9m atrav\u00e9s das empresas.<\/p>\n<p>Ao fazer a Declara\u00e7\u00e3o de Imposto de Renda, o contribuinte poder\u00e1 destinar at\u00e9 6% do imposto devido, sendo 3% aos Fundos dos Direitos da Crian\u00e7a e do Adolescente e 3% ao Fundo dos Idosos.<\/p>\n<p>Esses fundos financiam projetos referentes \u00e0 garantia da promo\u00e7\u00e3o, prote\u00e7\u00e3o e defesa dos direitos da crian\u00e7a e do adolescente e viabilizam a garantia de direitos da pessoa idosa.<\/p>\n<p>A audi\u00eancia p\u00fablica ser\u00e1 realizada de forma remota e transmitida ao vivo pela Fascina\u00e7\u00e3o AM,\u00a0<a href=\"https:\/\/www.facebook.com\/camaraitapetingaoficial\">Facebook\/camaraitapetingaoficial<\/a>\u00a0e canal\u00a0<a href=\"https:\/\/www.youtube.com\/tvcamaraitapetinga\">TV C\u00e2mara Itapetinga<\/a>\u00a0no YouTube.<\/p>\n","protected":false},"excerpt":{"rendered":"<p>De iniciativa da vereadora Manu Brand\u00e3o (MDB), ser\u00e1 realizada uma audi\u00eancia p\u00fablica virtual na C\u00e2mara Municipal de Itapetinga, na pr\u00f3xima sexta-feira (28), \u00e0s 10 horas, com o tema \u201cDoa\u00e7\u00f5es do Imposto de Renda Pessoa F\u00edsica aos Fundos de Direito\u201d. O assunto ser\u00e1 abordado pelo delegado da Receita Federal do Brasil em Vit\u00f3ria da Conquista, Andrey [&hellip;]<\/p>\n","protected":false},"author":2,"featured_media":95006,"comment_status":"open","ping_status":"open","sticky":false,"template":"","format":"standard","meta":{"footnotes":"","_links_to":"","_links_to_target":""},"categories":[1],"tags":[],"class_list":["post-95005","post","type-post","status-publish","format-standard","has-post-thumbnail","hentry","category-geral"],"views":840,"_links":{"self":[{"href":"https:\/\/www.sudoestehoje.com.br\/novoportal\/wp-json\/wp\/v2\/posts\/95005","targetHints":{"allow":["GET"]}}],"collection":[{"href":"https:\/\/www.sudoestehoje.com.br\/novoportal\/wp-json\/wp\/v2\/posts"}],"about":[{"href":"https:\/\/www.sudoestehoje.com.br\/novoportal\/wp-json\/wp\/v2\/types\/post"}],"author":[{"embeddable":true,"href":"https:\/\/www.sudoestehoje.com.br\/novoportal\/wp-json\/wp\/v2\/users\/2"}],"replies":[{"embeddable":true,"href":"https:\/\/www.sudoestehoje.com.br\/novoportal\/wp-json\/wp\/v2\/comments?post=95005"}],"version-history":[{"count":2,"href":"https:\/\/www.sudoestehoje.com.br\/novoportal\/wp-json\/wp\/v2\/posts\/95005\/revisions"}],"predecessor-version":[{"id":95008,"href":"https:\/\/www.sudoestehoje.com.br\/novoportal\/wp-json\/wp\/v2\/posts\/95005\/revisions\/95008"}],"wp:featuredmedia":[{"embeddable":true,"href":"https:\/\/www.sudoestehoje.com.br\/novoportal\/wp-json\/wp\/v2\/media\/95006"}],"wp:attachment":[{"href":"https:\/\/www.sudoestehoje.com.br\/novoportal\/wp-json\/wp\/v2\/media?parent=95005"}],"wp:term":[{"taxonomy":"category","embeddable":true,"href":"https:\/\/www.sudoestehoje.com.br\/novoportal\/wp-json\/wp\/v2\/categories?post=95005"},{"taxonomy":"post_tag","embeddable":true,"href":"https:\/\/www.sudoestehoje.com.br\/novoportal\/wp-json\/wp\/v2\/tags?post=95005"}],"curies":[{"name":"wp","href":"https:\/\/api.w.org\/{rel}","templated":true}]}}