
{"id":94991,"date":"2021-05-24T09:43:29","date_gmt":"2021-05-24T12:43:29","guid":{"rendered":"https:\/\/www.sudoestehoje.com.br\/novoportal\/?p=94991"},"modified":"2021-05-24T09:43:29","modified_gmt":"2021-05-24T12:43:29","slug":"governo-da-bahia-avalia-fechar-fabricas-de-cerveja-diz-secretario-de-saude","status":"publish","type":"post","link":"https:\/\/www.sudoestehoje.com.br\/novoportal\/2021\/05\/24\/governo-da-bahia-avalia-fechar-fabricas-de-cerveja-diz-secretario-de-saude\/","title":{"rendered":"GOVERNO DA BAHIA AVALIA FECHAR F\u00c1BRICAS DE CERVEJA, DIZ SECRET\u00c1RIO DE SA\u00daDE"},"content":{"rendered":"<p><a href=\"https:\/\/www.sudoestehoje.com.br\/novoportal\/wp-content\/uploads\/2021\/05\/heineken.jpg\"><img loading=\"lazy\" decoding=\"async\" class=\"aligncenter size-medium wp-image-94993\" src=\"https:\/\/www.sudoestehoje.com.br\/novoportal\/wp-content\/uploads\/2021\/05\/heineken-500x258.jpg\" alt=\"\" width=\"500\" height=\"258\" srcset=\"https:\/\/www.sudoestehoje.com.br\/novoportal\/wp-content\/uploads\/2021\/05\/heineken-500x258.jpg 500w, https:\/\/www.sudoestehoje.com.br\/novoportal\/wp-content\/uploads\/2021\/05\/heineken.jpg 650w\" sizes=\"auto, (max-width: 500px) 100vw, 500px\" \/><\/a><\/p>\n<p><em><strong>Bahia Not\u00edcias<\/strong><\/em><\/p>\n<p>A Bahia avalia fechar cervejarias no estado como medida de combate a um novo crescimento de casos a agravamento da pandemia da Covid-19.\u00a0A possibilidade foi reconhecida pelo secret\u00e1rio estadual da Sa\u00fade, F\u00e1bio Vilas-Boas, nesta segunda-feira (24).\u00a0Tem sido recorrente a dispers\u00e3o de aglomera\u00e7\u00f5es em festas clandestinas nos fins de semana tanto no interior quanto na capital, e o fato tem preocupado a gest\u00e3o estadual.<\/p>\n<p>Na avalia\u00e7\u00e3o do secret\u00e1rio, a bebida \u00e9 o grande \u201cvil\u00e3o\u201d, principalmente a cerveja. Ele acredita que est\u00e3o entre os maiores respons\u00e1veis pelas aglomera\u00e7\u00f5es causadas por festas clandestinas. \u201cNingu\u00e9m faz um reggae desse a\u00ed sem estar movido a cerveja, que \u00e9 a bebida mais consumida na Bahia\u201d, sinalizou.<\/p>\n<p>Diante disso, Vilas-Boas afirmou \u201cvai chegar o dia que n\u00f3s teremos que fechar f\u00e1bricas de cerveja na Bahia\u201d. O secret\u00e1rio fez a afirma\u00e7\u00e3o durante entrevista ao Jornal da Manh\u00e3, na TV Bahia.<\/p>\n<p>O titular da Sesab refor\u00e7ou o argumento citando dados divulgados neste fim de semana que mostram que o\u00a0volume de vendas de cerveja no Brasil em 2020 foi o maior dos \u00faltimos seis anos. Foram comercializados 13,3 bilh\u00f5es de litros, perdendo s\u00f3 para 2014, ano em que o pa\u00eds sediou a Copa do Mundo.<\/p>\n<p>Na Bahia est\u00e3o instaladas cervejarias como a do grupo Petr\u00f3polis, Ambev, Heineken, entre outras.<\/p>\n<p>Ap\u00f3s a publica\u00e7\u00e3o da mat\u00e9ria, o secret\u00e1rio de Sa\u00fade informou que o coment\u00e1rio foi &#8220;um mero exerc\u00edcio de ret\u00f3rica&#8221;. &#8220;Esse assunto nunca foi discutido internamente&#8221;, afirmou.<\/p>\n","protected":false},"excerpt":{"rendered":"<p>Bahia Not\u00edcias A Bahia avalia fechar cervejarias no estado como medida de combate a um novo crescimento de casos a agravamento da pandemia da Covid-19.\u00a0A possibilidade foi reconhecida pelo secret\u00e1rio estadual da Sa\u00fade, F\u00e1bio Vilas-Boas, nesta segunda-feira (24).\u00a0Tem sido recorrente a dispers\u00e3o de aglomera\u00e7\u00f5es em festas clandestinas nos fins de semana tanto no interior quanto [&hellip;]<\/p>\n","protected":false},"author":2,"featured_media":94993,"comment_status":"open","ping_status":"open","sticky":false,"template":"","format":"standard","meta":{"footnotes":"","_links_to":"","_links_to_target":""},"categories":[1],"tags":[],"class_list":["post-94991","post","type-post","status-publish","format-standard","has-post-thumbnail","hentry","category-geral"],"views":1134,"_links":{"self":[{"href":"https:\/\/www.sudoestehoje.com.br\/novoportal\/wp-json\/wp\/v2\/posts\/94991","targetHints":{"allow":["GET"]}}],"collection":[{"href":"https:\/\/www.sudoestehoje.com.br\/novoportal\/wp-json\/wp\/v2\/posts"}],"about":[{"href":"https:\/\/www.sudoestehoje.com.br\/novoportal\/wp-json\/wp\/v2\/types\/post"}],"author":[{"embeddable":true,"href":"https:\/\/www.sudoestehoje.com.br\/novoportal\/wp-json\/wp\/v2\/users\/2"}],"replies":[{"embeddable":true,"href":"https:\/\/www.sudoestehoje.com.br\/novoportal\/wp-json\/wp\/v2\/comments?post=94991"}],"version-history":[{"count":3,"href":"https:\/\/www.sudoestehoje.com.br\/novoportal\/wp-json\/wp\/v2\/posts\/94991\/revisions"}],"predecessor-version":[{"id":94995,"href":"https:\/\/www.sudoestehoje.com.br\/novoportal\/wp-json\/wp\/v2\/posts\/94991\/revisions\/94995"}],"wp:featuredmedia":[{"embeddable":true,"href":"https:\/\/www.sudoestehoje.com.br\/novoportal\/wp-json\/wp\/v2\/media\/94993"}],"wp:attachment":[{"href":"https:\/\/www.sudoestehoje.com.br\/novoportal\/wp-json\/wp\/v2\/media?parent=94991"}],"wp:term":[{"taxonomy":"category","embeddable":true,"href":"https:\/\/www.sudoestehoje.com.br\/novoportal\/wp-json\/wp\/v2\/categories?post=94991"},{"taxonomy":"post_tag","embeddable":true,"href":"https:\/\/www.sudoestehoje.com.br\/novoportal\/wp-json\/wp\/v2\/tags?post=94991"}],"curies":[{"name":"wp","href":"https:\/\/api.w.org\/{rel}","templated":true}]}}