
{"id":94987,"date":"2021-05-24T07:56:57","date_gmt":"2021-05-24T10:56:57","guid":{"rendered":"https:\/\/www.sudoestehoje.com.br\/novoportal\/?p=94987"},"modified":"2021-05-24T08:00:47","modified_gmt":"2021-05-24T11:00:47","slug":"itapetinga-chocada-morre-o-sargento-milton-junior-ex-coordenador-da-comutran","status":"publish","type":"post","link":"https:\/\/www.sudoestehoje.com.br\/novoportal\/2021\/05\/24\/itapetinga-chocada-morre-o-sargento-milton-junior-ex-coordenador-da-comutran\/","title":{"rendered":"ITAPETINGA CHOCADA! MORRE O SARGENTO MILTON JUNIOR, EX-COORDENADOR DA COMUTRAN"},"content":{"rendered":"<p><a href=\"https:\/\/www.sudoestehoje.com.br\/novoportal\/wp-content\/uploads\/2021\/05\/milton-junior.jpeg\"><img loading=\"lazy\" decoding=\"async\" class=\"aligncenter size-medium wp-image-94988\" src=\"https:\/\/www.sudoestehoje.com.br\/novoportal\/wp-content\/uploads\/2021\/05\/milton-junior-500x375.jpeg\" alt=\"\" width=\"500\" height=\"375\" srcset=\"https:\/\/www.sudoestehoje.com.br\/novoportal\/wp-content\/uploads\/2021\/05\/milton-junior-500x375.jpeg 500w, https:\/\/www.sudoestehoje.com.br\/novoportal\/wp-content\/uploads\/2021\/05\/milton-junior-700x525.jpeg 700w, https:\/\/www.sudoestehoje.com.br\/novoportal\/wp-content\/uploads\/2021\/05\/milton-junior-768x576.jpeg 768w, https:\/\/www.sudoestehoje.com.br\/novoportal\/wp-content\/uploads\/2021\/05\/milton-junior.jpeg 1280w\" sizes=\"auto, (max-width: 500px) 100vw, 500px\" \/><\/a><\/p>\n<p>Acabamos de receber com muita tristeza, a informa\u00e7\u00e3o sobre o falecimento do amigo Milton Junior, sargento da Pol\u00edcia Militar da Bahia, pessoa muito querida e respeitada em Itapetinga e regi\u00e3o.<\/p>\n<p>De acordo com relatos de amigos e familiares nas redes sociais, Milton Junior foi submetido a uma cirurgia para retirada de um tumor no est\u00f4mago, vindo a \u00f3bito durante o procedimento cir\u00fargico, em um hospital de Vit\u00f3ria da Conquista.<\/p>\n<p>A noticia do falecimento de Milton Junior pegou todos de surpresa e chocou a popula\u00e7\u00e3o de Itapetinga, pela perda do seu filho querido e amado por todos.<\/p>\n<p>AGUARDEM MAIS INFORMA\u00c7\u00d5ES<\/p>\n<p><strong><em>Davi Ferraz<\/em><\/strong><\/p>\n","protected":false},"excerpt":{"rendered":"<p>Acabamos de receber com muita tristeza, a informa\u00e7\u00e3o sobre o falecimento do amigo Milton Junior, sargento da Pol\u00edcia Militar da Bahia, pessoa muito querida e respeitada em Itapetinga e regi\u00e3o. De acordo com relatos de amigos e familiares nas redes sociais, Milton Junior foi submetido a uma cirurgia para retirada de um tumor no est\u00f4mago, [&hellip;]<\/p>\n","protected":false},"author":2,"featured_media":94988,"comment_status":"open","ping_status":"open","sticky":false,"template":"","format":"standard","meta":{"footnotes":"","_links_to":"","_links_to_target":""},"categories":[1],"tags":[],"class_list":["post-94987","post","type-post","status-publish","format-standard","has-post-thumbnail","hentry","category-geral"],"views":1459,"_links":{"self":[{"href":"https:\/\/www.sudoestehoje.com.br\/novoportal\/wp-json\/wp\/v2\/posts\/94987","targetHints":{"allow":["GET"]}}],"collection":[{"href":"https:\/\/www.sudoestehoje.com.br\/novoportal\/wp-json\/wp\/v2\/posts"}],"about":[{"href":"https:\/\/www.sudoestehoje.com.br\/novoportal\/wp-json\/wp\/v2\/types\/post"}],"author":[{"embeddable":true,"href":"https:\/\/www.sudoestehoje.com.br\/novoportal\/wp-json\/wp\/v2\/users\/2"}],"replies":[{"embeddable":true,"href":"https:\/\/www.sudoestehoje.com.br\/novoportal\/wp-json\/wp\/v2\/comments?post=94987"}],"version-history":[{"count":2,"href":"https:\/\/www.sudoestehoje.com.br\/novoportal\/wp-json\/wp\/v2\/posts\/94987\/revisions"}],"predecessor-version":[{"id":94990,"href":"https:\/\/www.sudoestehoje.com.br\/novoportal\/wp-json\/wp\/v2\/posts\/94987\/revisions\/94990"}],"wp:featuredmedia":[{"embeddable":true,"href":"https:\/\/www.sudoestehoje.com.br\/novoportal\/wp-json\/wp\/v2\/media\/94988"}],"wp:attachment":[{"href":"https:\/\/www.sudoestehoje.com.br\/novoportal\/wp-json\/wp\/v2\/media?parent=94987"}],"wp:term":[{"taxonomy":"category","embeddable":true,"href":"https:\/\/www.sudoestehoje.com.br\/novoportal\/wp-json\/wp\/v2\/categories?post=94987"},{"taxonomy":"post_tag","embeddable":true,"href":"https:\/\/www.sudoestehoje.com.br\/novoportal\/wp-json\/wp\/v2\/tags?post=94987"}],"curies":[{"name":"wp","href":"https:\/\/api.w.org\/{rel}","templated":true}]}}