
{"id":94980,"date":"2021-05-23T22:16:10","date_gmt":"2021-05-24T01:16:10","guid":{"rendered":"https:\/\/www.sudoestehoje.com.br\/novoportal\/?p=94980"},"modified":"2021-05-23T22:41:49","modified_gmt":"2021-05-24T01:41:49","slug":"itapetinguenses-conquistam-titulo-baiano-pelo-atletico-de-alagoinhas","status":"publish","type":"post","link":"https:\/\/www.sudoestehoje.com.br\/novoportal\/2021\/05\/23\/itapetinguenses-conquistam-titulo-baiano-pelo-atletico-de-alagoinhas\/","title":{"rendered":"ITAPETINGUENSES CONQUISTAM T\u00cdTULO BAIANO PELO ATL\u00c9TICO DE ALAGOINHAS"},"content":{"rendered":"<p><a href=\"https:\/\/www.sudoestehoje.com.br\/novoportal\/wp-content\/uploads\/2021\/05\/campeao-baiano.jpeg\"><img loading=\"lazy\" decoding=\"async\" class=\"aligncenter size-medium wp-image-94983\" src=\"https:\/\/www.sudoestehoje.com.br\/novoportal\/wp-content\/uploads\/2021\/05\/campeao-baiano-500x409.jpeg\" alt=\"\" width=\"500\" height=\"409\" srcset=\"https:\/\/www.sudoestehoje.com.br\/novoportal\/wp-content\/uploads\/2021\/05\/campeao-baiano-500x409.jpeg 500w, https:\/\/www.sudoestehoje.com.br\/novoportal\/wp-content\/uploads\/2021\/05\/campeao-baiano-700x573.jpeg 700w, https:\/\/www.sudoestehoje.com.br\/novoportal\/wp-content\/uploads\/2021\/05\/campeao-baiano.jpeg 720w\" sizes=\"auto, (max-width: 500px) 100vw, 500px\" \/><\/a><\/p>\n<p>Dois atletas formado na Escolinha Popular de Maron, em Itapetinga, participaram da conquista in\u00e9dita do Campeonato Baiano de Futebol, atuando pelo excelente time do Atl\u00e9tico de Alagoinhas.<\/p>\n<p>De acordo com informa\u00e7\u00f5es atualizadas de Gilson Vasconcelos, da TV Catol\u00e9 e Itapetinga News, os atletas Dion\u00edsio e Miller atuaram na final contra o Bahia de Feira, conquistando o t\u00edtulo, na tarde deste domingo, em Feira de Santana.<\/p>\n<p>Os atletas se destacaram no Campeonato Intermunicipal, atuando pelo Sele\u00e7\u00e3o de Itapetinga, vice-campe\u00e3.<\/p>\n<p><strong><em>Por Davi Ferraz<\/em><\/strong><\/p>\n","protected":false},"excerpt":{"rendered":"<p>Dois atletas formado na Escolinha Popular de Maron, em Itapetinga, participaram da conquista in\u00e9dita do Campeonato Baiano de Futebol, atuando pelo excelente time do Atl\u00e9tico de Alagoinhas. De acordo com informa\u00e7\u00f5es atualizadas de Gilson Vasconcelos, da TV Catol\u00e9 e Itapetinga News, os atletas Dion\u00edsio e Miller atuaram na final contra o Bahia de Feira, conquistando [&hellip;]<\/p>\n","protected":false},"author":2,"featured_media":94983,"comment_status":"open","ping_status":"open","sticky":false,"template":"","format":"standard","meta":{"footnotes":"","_links_to":"","_links_to_target":""},"categories":[1],"tags":[],"class_list":["post-94980","post","type-post","status-publish","format-standard","has-post-thumbnail","hentry","category-geral"],"views":1975,"_links":{"self":[{"href":"https:\/\/www.sudoestehoje.com.br\/novoportal\/wp-json\/wp\/v2\/posts\/94980","targetHints":{"allow":["GET"]}}],"collection":[{"href":"https:\/\/www.sudoestehoje.com.br\/novoportal\/wp-json\/wp\/v2\/posts"}],"about":[{"href":"https:\/\/www.sudoestehoje.com.br\/novoportal\/wp-json\/wp\/v2\/types\/post"}],"author":[{"embeddable":true,"href":"https:\/\/www.sudoestehoje.com.br\/novoportal\/wp-json\/wp\/v2\/users\/2"}],"replies":[{"embeddable":true,"href":"https:\/\/www.sudoestehoje.com.br\/novoportal\/wp-json\/wp\/v2\/comments?post=94980"}],"version-history":[{"count":5,"href":"https:\/\/www.sudoestehoje.com.br\/novoportal\/wp-json\/wp\/v2\/posts\/94980\/revisions"}],"predecessor-version":[{"id":94986,"href":"https:\/\/www.sudoestehoje.com.br\/novoportal\/wp-json\/wp\/v2\/posts\/94980\/revisions\/94986"}],"wp:featuredmedia":[{"embeddable":true,"href":"https:\/\/www.sudoestehoje.com.br\/novoportal\/wp-json\/wp\/v2\/media\/94983"}],"wp:attachment":[{"href":"https:\/\/www.sudoestehoje.com.br\/novoportal\/wp-json\/wp\/v2\/media?parent=94980"}],"wp:term":[{"taxonomy":"category","embeddable":true,"href":"https:\/\/www.sudoestehoje.com.br\/novoportal\/wp-json\/wp\/v2\/categories?post=94980"},{"taxonomy":"post_tag","embeddable":true,"href":"https:\/\/www.sudoestehoje.com.br\/novoportal\/wp-json\/wp\/v2\/tags?post=94980"}],"curies":[{"name":"wp","href":"https:\/\/api.w.org\/{rel}","templated":true}]}}