
{"id":94963,"date":"2021-05-23T21:11:50","date_gmt":"2021-05-24T00:11:50","guid":{"rendered":"https:\/\/www.sudoestehoje.com.br\/novoportal\/?p=94963"},"modified":"2021-05-23T21:11:50","modified_gmt":"2021-05-24T00:11:50","slug":"itapetinga-indicacoes-do-vereador-helder-sao-aprovadas-pela-camara","status":"publish","type":"post","link":"https:\/\/www.sudoestehoje.com.br\/novoportal\/2021\/05\/23\/itapetinga-indicacoes-do-vereador-helder-sao-aprovadas-pela-camara\/","title":{"rendered":"ITAPETINGA: INDICA\u00c7\u00d5ES DO VEREADOR HELDER S\u00c3O APROVADAS PELA C\u00c2MARA"},"content":{"rendered":"<p><a href=\"https:\/\/www.sudoestehoje.com.br\/novoportal\/wp-content\/uploads\/2021\/05\/HELDER.jpeg\"><img loading=\"lazy\" decoding=\"async\" class=\"aligncenter size-medium wp-image-94967\" src=\"https:\/\/www.sudoestehoje.com.br\/novoportal\/wp-content\/uploads\/2021\/05\/HELDER-500x348.jpeg\" alt=\"\" width=\"500\" height=\"348\" srcset=\"https:\/\/www.sudoestehoje.com.br\/novoportal\/wp-content\/uploads\/2021\/05\/HELDER-500x348.jpeg 500w, https:\/\/www.sudoestehoje.com.br\/novoportal\/wp-content\/uploads\/2021\/05\/HELDER-700x487.jpeg 700w, https:\/\/www.sudoestehoje.com.br\/novoportal\/wp-content\/uploads\/2021\/05\/HELDER-768x534.jpeg 768w, https:\/\/www.sudoestehoje.com.br\/novoportal\/wp-content\/uploads\/2021\/05\/HELDER.jpeg 1280w\" sizes=\"auto, (max-width: 500px) 100vw, 500px\" \/><\/a><\/p>\n<p>Na sess\u00e3o legislativa da \u00faltima quinta-feira (20), a c\u00e2mara de vereadores de Itapetinga submeteu em aprecia\u00e7\u00e3o do plen\u00e1rio in\u00fameras indica\u00e7\u00f5es apresentadas pelos parlamentares, solicitando melhorias para a popula\u00e7\u00e3o.<\/p>\n<p>Mereceram destaque as indica\u00e7\u00f5es apresentadas pelo vereador Helder Ladeia, representante do distrito de Bandeira do Col\u00f4nia, como a REFORMA DA QUADRA POLIESPORTIVA;\u00a0 LIMPEZA DAS MARGENS DO RIO COL\u00d4NIA; PAVIMENTA\u00c7\u00c3O DAS TRAVESSAS DA RUA 2 DE JULHO, EDGAR BRITO E JOS\u00c9 ESPINHEIRA; RECUPERA\u00c7\u00c3O DO CAL\u00c7AMENTO DA RUA 2 DE JULHO E JOAQUIM AGUIAR; E REFORMA DO PR\u00c9DIO DA ANTIGA DELEGACIA, todas em Bandeira do Col\u00f4nia.<\/p>\n<p>Para concretizar as suas reivindica\u00e7\u00f5es, o vereador Helder Ladeia vem mantendo contato permanente com o prefeito Rodrigo Hagge e seus secret\u00e1rios, especialmente as secretarias de Infraestrutura, Educa\u00e7\u00e3o e Sa\u00fade.<\/p>\n<p>Desde que assumiu o mandato de vereador, Helder Ladeia vem atuando incessantemente na busca de melhorias para Bandeira do Col\u00f4nia, em parceria com a administra\u00e7\u00e3o distrital.<\/p>\n<p><strong><em>Por Davi Ferraz<\/em><\/strong><\/p>\n","protected":false},"excerpt":{"rendered":"<p>Na sess\u00e3o legislativa da \u00faltima quinta-feira (20), a c\u00e2mara de vereadores de Itapetinga submeteu em aprecia\u00e7\u00e3o do plen\u00e1rio in\u00fameras indica\u00e7\u00f5es apresentadas pelos parlamentares, solicitando melhorias para a popula\u00e7\u00e3o. Mereceram destaque as indica\u00e7\u00f5es apresentadas pelo vereador Helder Ladeia, representante do distrito de Bandeira do Col\u00f4nia, como a REFORMA DA QUADRA POLIESPORTIVA;\u00a0 LIMPEZA DAS MARGENS DO RIO [&hellip;]<\/p>\n","protected":false},"author":2,"featured_media":94967,"comment_status":"open","ping_status":"open","sticky":false,"template":"","format":"standard","meta":{"footnotes":"","_links_to":"","_links_to_target":""},"categories":[1],"tags":[],"class_list":["post-94963","post","type-post","status-publish","format-standard","has-post-thumbnail","hentry","category-geral"],"views":1203,"_links":{"self":[{"href":"https:\/\/www.sudoestehoje.com.br\/novoportal\/wp-json\/wp\/v2\/posts\/94963","targetHints":{"allow":["GET"]}}],"collection":[{"href":"https:\/\/www.sudoestehoje.com.br\/novoportal\/wp-json\/wp\/v2\/posts"}],"about":[{"href":"https:\/\/www.sudoestehoje.com.br\/novoportal\/wp-json\/wp\/v2\/types\/post"}],"author":[{"embeddable":true,"href":"https:\/\/www.sudoestehoje.com.br\/novoportal\/wp-json\/wp\/v2\/users\/2"}],"replies":[{"embeddable":true,"href":"https:\/\/www.sudoestehoje.com.br\/novoportal\/wp-json\/wp\/v2\/comments?post=94963"}],"version-history":[{"count":6,"href":"https:\/\/www.sudoestehoje.com.br\/novoportal\/wp-json\/wp\/v2\/posts\/94963\/revisions"}],"predecessor-version":[{"id":94970,"href":"https:\/\/www.sudoestehoje.com.br\/novoportal\/wp-json\/wp\/v2\/posts\/94963\/revisions\/94970"}],"wp:featuredmedia":[{"embeddable":true,"href":"https:\/\/www.sudoestehoje.com.br\/novoportal\/wp-json\/wp\/v2\/media\/94967"}],"wp:attachment":[{"href":"https:\/\/www.sudoestehoje.com.br\/novoportal\/wp-json\/wp\/v2\/media?parent=94963"}],"wp:term":[{"taxonomy":"category","embeddable":true,"href":"https:\/\/www.sudoestehoje.com.br\/novoportal\/wp-json\/wp\/v2\/categories?post=94963"},{"taxonomy":"post_tag","embeddable":true,"href":"https:\/\/www.sudoestehoje.com.br\/novoportal\/wp-json\/wp\/v2\/tags?post=94963"}],"curies":[{"name":"wp","href":"https:\/\/api.w.org\/{rel}","templated":true}]}}