
{"id":94957,"date":"2021-05-23T19:38:38","date_gmt":"2021-05-23T22:38:38","guid":{"rendered":"https:\/\/www.sudoestehoje.com.br\/novoportal\/?p=94957"},"modified":"2021-05-23T19:45:18","modified_gmt":"2021-05-23T22:45:18","slug":"futebol-atletico-de-alagoinhas-vence-o-bahia-de-feira-e-conquista-o-titulo-baiano","status":"publish","type":"post","link":"https:\/\/www.sudoestehoje.com.br\/novoportal\/2021\/05\/23\/futebol-atletico-de-alagoinhas-vence-o-bahia-de-feira-e-conquista-o-titulo-baiano\/","title":{"rendered":"FUTEBOL: ATL\u00c9TICO DE ALAGOINHAS VENCE O BAHIA DE FEIRA E CONQUISTA O T\u00cdTULO BAIANO"},"content":{"rendered":"<p>&nbsp;<\/p>\n<p><a href=\"https:\/\/www.sudoestehoje.com.br\/novoportal\/wp-content\/uploads\/2021\/05\/csm_atletico-campeao-paula-froes_39b57e6f85.jpg\"><img loading=\"lazy\" decoding=\"async\" class=\"aligncenter size-medium wp-image-94961\" src=\"https:\/\/www.sudoestehoje.com.br\/novoportal\/wp-content\/uploads\/2021\/05\/csm_atletico-campeao-paula-froes_39b57e6f85-500x334.jpg\" alt=\"\" width=\"500\" height=\"334\" srcset=\"https:\/\/www.sudoestehoje.com.br\/novoportal\/wp-content\/uploads\/2021\/05\/csm_atletico-campeao-paula-froes_39b57e6f85-500x334.jpg 500w, https:\/\/www.sudoestehoje.com.br\/novoportal\/wp-content\/uploads\/2021\/05\/csm_atletico-campeao-paula-froes_39b57e6f85-700x467.jpg 700w, https:\/\/www.sudoestehoje.com.br\/novoportal\/wp-content\/uploads\/2021\/05\/csm_atletico-campeao-paula-froes_39b57e6f85-768x512.jpg 768w, https:\/\/www.sudoestehoje.com.br\/novoportal\/wp-content\/uploads\/2021\/05\/csm_atletico-campeao-paula-froes_39b57e6f85.jpg 940w\" sizes=\"auto, (max-width: 500px) 100vw, 500px\" \/><\/a><\/p>\n<p class=\"bodytext\">T\u00edtulo in\u00e9dito e mais do que merecido. O\u00a0Atl\u00e9tico venceu o Bahia de Feira por 3&#215;2 neste domingo (23), em plena Arena Cajueiro \u2013 mesmo com um homem a menos -, e ficou com o t\u00edtulo do Campeonato Baiano de 2021. O jogo de ida, em Alagoinhas, havia acabado em 2&#215;2.<\/p>\n<p class=\"bodytext\">In\u00e9dito n\u00e3o s\u00f3 para a hist\u00f3ria de 51 anos do Carcar\u00e1, mas tamb\u00e9m para Alagoinhas. A cidade do sert\u00e3o \u00e9 apenas a terceira do interior baiano a conquistar o trof\u00e9u, ao lado de Feira de Santana (Fluminense, duas vezes, e Bahia de Feira, uma)\u00a0e Ilh\u00e9us (Colo Colo).<\/p>\n","protected":false},"excerpt":{"rendered":"<p>&nbsp; T\u00edtulo in\u00e9dito e mais do que merecido. O\u00a0Atl\u00e9tico venceu o Bahia de Feira por 3&#215;2 neste domingo (23), em plena Arena Cajueiro \u2013 mesmo com um homem a menos -, e ficou com o t\u00edtulo do Campeonato Baiano de 2021. O jogo de ida, em Alagoinhas, havia acabado em 2&#215;2. In\u00e9dito n\u00e3o s\u00f3 para [&hellip;]<\/p>\n","protected":false},"author":2,"featured_media":94961,"comment_status":"open","ping_status":"open","sticky":false,"template":"","format":"standard","meta":{"footnotes":"","_links_to":"","_links_to_target":""},"categories":[1],"tags":[],"class_list":["post-94957","post","type-post","status-publish","format-standard","has-post-thumbnail","hentry","category-geral"],"views":1029,"_links":{"self":[{"href":"https:\/\/www.sudoestehoje.com.br\/novoportal\/wp-json\/wp\/v2\/posts\/94957","targetHints":{"allow":["GET"]}}],"collection":[{"href":"https:\/\/www.sudoestehoje.com.br\/novoportal\/wp-json\/wp\/v2\/posts"}],"about":[{"href":"https:\/\/www.sudoestehoje.com.br\/novoportal\/wp-json\/wp\/v2\/types\/post"}],"author":[{"embeddable":true,"href":"https:\/\/www.sudoestehoje.com.br\/novoportal\/wp-json\/wp\/v2\/users\/2"}],"replies":[{"embeddable":true,"href":"https:\/\/www.sudoestehoje.com.br\/novoportal\/wp-json\/wp\/v2\/comments?post=94957"}],"version-history":[{"count":3,"href":"https:\/\/www.sudoestehoje.com.br\/novoportal\/wp-json\/wp\/v2\/posts\/94957\/revisions"}],"predecessor-version":[{"id":94962,"href":"https:\/\/www.sudoestehoje.com.br\/novoportal\/wp-json\/wp\/v2\/posts\/94957\/revisions\/94962"}],"wp:featuredmedia":[{"embeddable":true,"href":"https:\/\/www.sudoestehoje.com.br\/novoportal\/wp-json\/wp\/v2\/media\/94961"}],"wp:attachment":[{"href":"https:\/\/www.sudoestehoje.com.br\/novoportal\/wp-json\/wp\/v2\/media?parent=94957"}],"wp:term":[{"taxonomy":"category","embeddable":true,"href":"https:\/\/www.sudoestehoje.com.br\/novoportal\/wp-json\/wp\/v2\/categories?post=94957"},{"taxonomy":"post_tag","embeddable":true,"href":"https:\/\/www.sudoestehoje.com.br\/novoportal\/wp-json\/wp\/v2\/tags?post=94957"}],"curies":[{"name":"wp","href":"https:\/\/api.w.org\/{rel}","templated":true}]}}