
{"id":94952,"date":"2021-05-22T21:58:30","date_gmt":"2021-05-23T00:58:30","guid":{"rendered":"https:\/\/www.sudoestehoje.com.br\/novoportal\/?p=94952"},"modified":"2021-05-22T21:58:30","modified_gmt":"2021-05-23T00:58:30","slug":"itapetinga-rede-municipal-inicia-mais-um-ano-letivo-nesta-segunda-feira","status":"publish","type":"post","link":"https:\/\/www.sudoestehoje.com.br\/novoportal\/2021\/05\/22\/itapetinga-rede-municipal-inicia-mais-um-ano-letivo-nesta-segunda-feira\/","title":{"rendered":"ITAPETINGA: REDE MUNICIPAL INICIA MAIS UM ANO LETIVO NESTA SEGUNDA-FEIRA"},"content":{"rendered":"<p><a href=\"https:\/\/www.sudoestehoje.com.br\/novoportal\/wp-content\/uploads\/2021\/05\/Gerado-Trindade-e1579992974484.jpg\"><img loading=\"lazy\" decoding=\"async\" class=\"aligncenter size-medium wp-image-94954\" src=\"https:\/\/www.sudoestehoje.com.br\/novoportal\/wp-content\/uploads\/2021\/05\/Gerado-Trindade-e1579992974484-500x320.jpg\" alt=\"\" width=\"500\" height=\"320\" srcset=\"https:\/\/www.sudoestehoje.com.br\/novoportal\/wp-content\/uploads\/2021\/05\/Gerado-Trindade-e1579992974484-500x320.jpg 500w, https:\/\/www.sudoestehoje.com.br\/novoportal\/wp-content\/uploads\/2021\/05\/Gerado-Trindade-e1579992974484.jpg 640w\" sizes=\"auto, (max-width: 500px) 100vw, 500px\" \/><\/a><\/p>\n<p>A prefeitura de Itapetinga inicia mais um ano letivo nesta segunda-feira, 24. Com plataforma de aulas especializada, professores capacitados e alunos j\u00e1 entrosados com a nova ferramenta, a rede municipal de ensino segue para o ano letivo de 2021 ainda com aulas remotas,<\/p>\n<p><em>\u201cCom a certeza de que d\u00e1 para se fazer uma cidade educadora com ensino de qualidade, oferecendo toda a estrutura para a constru\u00e7\u00e3o do futuro que queremos para os nossos jovens\u201d<\/em>, disse o Secret\u00e1rio de Educa\u00e7\u00e3o, Geraldo Trindade.<\/p>\n<p><a href=\"https:\/\/www.facebook.com\/hashtag\/prefeituradeitapetinga?__eep__=6&amp;__cft__%5b0%5d=AZXUUKVynyYxrZ_A40d-2cKGcRzgza6xZPKm8R35XgXX899_1B8FwFraWDtCUWZsjvVQjZ2PM9946aXJD03179-Rzrr6WHx66IgQOcw8fwwUQxkaOrWEFUFL6oua5ufL-9FwgTePd5XzFh_KSzMzJS1otZGj6VRzXyp65PBpB_3DLcwkJh2vrhsKSDqTRNrNPJw&amp;__tn__=*NK-R\">#PrefeituradeItapetinga<\/a><\/p>\n<p><a href=\"https:\/\/www.facebook.com\/hashtag\/terradedesenvolvimento?__eep__=6&amp;__cft__%5b0%5d=AZXUUKVynyYxrZ_A40d-2cKGcRzgza6xZPKm8R35XgXX899_1B8FwFraWDtCUWZsjvVQjZ2PM9946aXJD03179-Rzrr6WHx66IgQOcw8fwwUQxkaOrWEFUFL6oua5ufL-9FwgTePd5XzFh_KSzMzJS1otZGj6VRzXyp65PBpB_3DLcwkJh2vrhsKSDqTRNrNPJw&amp;__tn__=*NK-R\">#TerradeDesenvolvimento<\/a><\/p>\n<p><a href=\"https:\/\/www.facebook.com\/hashtag\/itapetinga?__eep__=6&amp;__cft__%5b0%5d=AZXUUKVynyYxrZ_A40d-2cKGcRzgza6xZPKm8R35XgXX899_1B8FwFraWDtCUWZsjvVQjZ2PM9946aXJD03179-Rzrr6WHx66IgQOcw8fwwUQxkaOrWEFUFL6oua5ufL-9FwgTePd5XzFh_KSzMzJS1otZGj6VRzXyp65PBpB_3DLcwkJh2vrhsKSDqTRNrNPJw&amp;__tn__=*NK-R\">#Itapetinga<\/a> <a href=\"https:\/\/www.facebook.com\/hashtag\/bahia?__eep__=6&amp;__cft__%5b0%5d=AZXUUKVynyYxrZ_A40d-2cKGcRzgza6xZPKm8R35XgXX899_1B8FwFraWDtCUWZsjvVQjZ2PM9946aXJD03179-Rzrr6WHx66IgQOcw8fwwUQxkaOrWEFUFL6oua5ufL-9FwgTePd5XzFh_KSzMzJS1otZGj6VRzXyp65PBpB_3DLcwkJh2vrhsKSDqTRNrNPJw&amp;__tn__=*NK-R\">#Bahia<\/a> <a href=\"https:\/\/www.facebook.com\/hashtag\/brasil?__eep__=6&amp;__cft__%5b0%5d=AZXUUKVynyYxrZ_A40d-2cKGcRzgza6xZPKm8R35XgXX899_1B8FwFraWDtCUWZsjvVQjZ2PM9946aXJD03179-Rzrr6WHx66IgQOcw8fwwUQxkaOrWEFUFL6oua5ufL-9FwgTePd5XzFh_KSzMzJS1otZGj6VRzXyp65PBpB_3DLcwkJh2vrhsKSDqTRNrNPJw&amp;__tn__=*NK-R\">#Brasil<\/a><\/p>\n","protected":false},"excerpt":{"rendered":"<p>A prefeitura de Itapetinga inicia mais um ano letivo nesta segunda-feira, 24. Com plataforma de aulas especializada, professores capacitados e alunos j\u00e1 entrosados com a nova ferramenta, a rede municipal de ensino segue para o ano letivo de 2021 ainda com aulas remotas, \u201cCom a certeza de que d\u00e1 para se fazer uma cidade educadora [&hellip;]<\/p>\n","protected":false},"author":2,"featured_media":94954,"comment_status":"open","ping_status":"open","sticky":false,"template":"","format":"standard","meta":{"footnotes":"","_links_to":"","_links_to_target":""},"categories":[1],"tags":[],"class_list":["post-94952","post","type-post","status-publish","format-standard","has-post-thumbnail","hentry","category-geral"],"views":1166,"_links":{"self":[{"href":"https:\/\/www.sudoestehoje.com.br\/novoportal\/wp-json\/wp\/v2\/posts\/94952","targetHints":{"allow":["GET"]}}],"collection":[{"href":"https:\/\/www.sudoestehoje.com.br\/novoportal\/wp-json\/wp\/v2\/posts"}],"about":[{"href":"https:\/\/www.sudoestehoje.com.br\/novoportal\/wp-json\/wp\/v2\/types\/post"}],"author":[{"embeddable":true,"href":"https:\/\/www.sudoestehoje.com.br\/novoportal\/wp-json\/wp\/v2\/users\/2"}],"replies":[{"embeddable":true,"href":"https:\/\/www.sudoestehoje.com.br\/novoportal\/wp-json\/wp\/v2\/comments?post=94952"}],"version-history":[{"count":3,"href":"https:\/\/www.sudoestehoje.com.br\/novoportal\/wp-json\/wp\/v2\/posts\/94952\/revisions"}],"predecessor-version":[{"id":94956,"href":"https:\/\/www.sudoestehoje.com.br\/novoportal\/wp-json\/wp\/v2\/posts\/94952\/revisions\/94956"}],"wp:featuredmedia":[{"embeddable":true,"href":"https:\/\/www.sudoestehoje.com.br\/novoportal\/wp-json\/wp\/v2\/media\/94954"}],"wp:attachment":[{"href":"https:\/\/www.sudoestehoje.com.br\/novoportal\/wp-json\/wp\/v2\/media?parent=94952"}],"wp:term":[{"taxonomy":"category","embeddable":true,"href":"https:\/\/www.sudoestehoje.com.br\/novoportal\/wp-json\/wp\/v2\/categories?post=94952"},{"taxonomy":"post_tag","embeddable":true,"href":"https:\/\/www.sudoestehoje.com.br\/novoportal\/wp-json\/wp\/v2\/tags?post=94952"}],"curies":[{"name":"wp","href":"https:\/\/api.w.org\/{rel}","templated":true}]}}