
{"id":94944,"date":"2021-05-22T20:40:37","date_gmt":"2021-05-22T23:40:37","guid":{"rendered":"https:\/\/www.sudoestehoje.com.br\/novoportal\/?p=94944"},"modified":"2021-05-22T20:40:37","modified_gmt":"2021-05-22T23:40:37","slug":"itapetinga-nao-registra-nenhuma-morte-por-covid-19-ha-14-dias","status":"publish","type":"post","link":"https:\/\/www.sudoestehoje.com.br\/novoportal\/2021\/05\/22\/itapetinga-nao-registra-nenhuma-morte-por-covid-19-ha-14-dias\/","title":{"rendered":"ITAPETINGA N\u00c3O REGISTRA NENHUMA MORTE POR COVID-19 H\u00c1 14 DIAS"},"content":{"rendered":"<p><a href=\"https:\/\/www.sudoestehoje.com.br\/novoportal\/wp-content\/uploads\/2021\/05\/ITAP-VISTA.jpg\"><img loading=\"lazy\" decoding=\"async\" class=\"aligncenter size-medium wp-image-94949\" src=\"https:\/\/www.sudoestehoje.com.br\/novoportal\/wp-content\/uploads\/2021\/05\/ITAP-VISTA-500x375.jpg\" alt=\"\" width=\"500\" height=\"375\" srcset=\"https:\/\/www.sudoestehoje.com.br\/novoportal\/wp-content\/uploads\/2021\/05\/ITAP-VISTA-500x375.jpg 500w, https:\/\/www.sudoestehoje.com.br\/novoportal\/wp-content\/uploads\/2021\/05\/ITAP-VISTA.jpg 640w\" sizes=\"auto, (max-width: 500px) 100vw, 500px\" \/><\/a><\/p>\n<p>Mesmo com os n\u00fameros da pandemia de Covid-19 aumentando em toda a Bahia, o munic\u00edpio de Itapetinga vem registrando poucos casos da doen\u00e7a nas \u00faltimas semanas.<\/p>\n<p>De acordo com o boletim di\u00e1rio da Secretaria de Sa\u00fade do Munic\u00edpio, Itapetinga n\u00e3o registrou nenhuma morte causada pelo v\u00edrus, desde o dia 9 deste m\u00eas de maio, quando foram totalizados <strong>117 \u00f3bitos<\/strong>, desde o in\u00edcio da pandemia.<\/p>\n<p>No mesmo per\u00edodo, foram registrados 57 casos positivos, com redu\u00e7\u00e3o dr\u00e1stica dos <strong>casos ativos, para apenas 41.<\/strong>\u00a0Itapetinga registrou, desde mar\u00e7o de 2020, <strong>4.638 casos positivos<\/strong> do Coronav\u00edrus, com <strong>4.480 pacientes totalmente recuperados.<\/strong><\/p>\n<p><strong><em>Por Davi Ferraz\u00a0<\/em><\/strong><\/p>\n","protected":false},"excerpt":{"rendered":"<p>Mesmo com os n\u00fameros da pandemia de Covid-19 aumentando em toda a Bahia, o munic\u00edpio de Itapetinga vem registrando poucos casos da doen\u00e7a nas \u00faltimas semanas. De acordo com o boletim di\u00e1rio da Secretaria de Sa\u00fade do Munic\u00edpio, Itapetinga n\u00e3o registrou nenhuma morte causada pelo v\u00edrus, desde o dia 9 deste m\u00eas de maio, quando [&hellip;]<\/p>\n","protected":false},"author":2,"featured_media":94949,"comment_status":"open","ping_status":"open","sticky":false,"template":"","format":"standard","meta":{"footnotes":"","_links_to":"","_links_to_target":""},"categories":[1],"tags":[],"class_list":["post-94944","post","type-post","status-publish","format-standard","has-post-thumbnail","hentry","category-geral"],"views":1092,"_links":{"self":[{"href":"https:\/\/www.sudoestehoje.com.br\/novoportal\/wp-json\/wp\/v2\/posts\/94944","targetHints":{"allow":["GET"]}}],"collection":[{"href":"https:\/\/www.sudoestehoje.com.br\/novoportal\/wp-json\/wp\/v2\/posts"}],"about":[{"href":"https:\/\/www.sudoestehoje.com.br\/novoportal\/wp-json\/wp\/v2\/types\/post"}],"author":[{"embeddable":true,"href":"https:\/\/www.sudoestehoje.com.br\/novoportal\/wp-json\/wp\/v2\/users\/2"}],"replies":[{"embeddable":true,"href":"https:\/\/www.sudoestehoje.com.br\/novoportal\/wp-json\/wp\/v2\/comments?post=94944"}],"version-history":[{"count":4,"href":"https:\/\/www.sudoestehoje.com.br\/novoportal\/wp-json\/wp\/v2\/posts\/94944\/revisions"}],"predecessor-version":[{"id":94951,"href":"https:\/\/www.sudoestehoje.com.br\/novoportal\/wp-json\/wp\/v2\/posts\/94944\/revisions\/94951"}],"wp:featuredmedia":[{"embeddable":true,"href":"https:\/\/www.sudoestehoje.com.br\/novoportal\/wp-json\/wp\/v2\/media\/94949"}],"wp:attachment":[{"href":"https:\/\/www.sudoestehoje.com.br\/novoportal\/wp-json\/wp\/v2\/media?parent=94944"}],"wp:term":[{"taxonomy":"category","embeddable":true,"href":"https:\/\/www.sudoestehoje.com.br\/novoportal\/wp-json\/wp\/v2\/categories?post=94944"},{"taxonomy":"post_tag","embeddable":true,"href":"https:\/\/www.sudoestehoje.com.br\/novoportal\/wp-json\/wp\/v2\/tags?post=94944"}],"curies":[{"name":"wp","href":"https:\/\/api.w.org\/{rel}","templated":true}]}}