
{"id":94934,"date":"2021-05-21T22:44:22","date_gmt":"2021-05-22T01:44:22","guid":{"rendered":"https:\/\/www.sudoestehoje.com.br\/novoportal\/?p=94934"},"modified":"2021-05-21T22:44:22","modified_gmt":"2021-05-22T01:44:22","slug":"prefeitos-de-itapetinga-e-de-brusque-discutem-proposta-de-mutua-colaboracao","status":"publish","type":"post","link":"https:\/\/www.sudoestehoje.com.br\/novoportal\/2021\/05\/21\/prefeitos-de-itapetinga-e-de-brusque-discutem-proposta-de-mutua-colaboracao\/","title":{"rendered":"PREFEITOS DE ITAPETINGA E DE BRUSQUE DISCUTEM PROPOSTA DE M\u00daTUA COLABORA\u00c7\u00c3O"},"content":{"rendered":"<p><a href=\"https:\/\/www.sudoestehoje.com.br\/novoportal\/wp-content\/uploads\/2021\/05\/BRUSQUE-2.jpeg\"><img loading=\"lazy\" decoding=\"async\" class=\"aligncenter size-medium wp-image-94936\" src=\"https:\/\/www.sudoestehoje.com.br\/novoportal\/wp-content\/uploads\/2021\/05\/BRUSQUE-2-500x333.jpeg\" alt=\"\" width=\"500\" height=\"333\" srcset=\"https:\/\/www.sudoestehoje.com.br\/novoportal\/wp-content\/uploads\/2021\/05\/BRUSQUE-2-500x333.jpeg 500w, https:\/\/www.sudoestehoje.com.br\/novoportal\/wp-content\/uploads\/2021\/05\/BRUSQUE-2-700x466.jpeg 700w, https:\/\/www.sudoestehoje.com.br\/novoportal\/wp-content\/uploads\/2021\/05\/BRUSQUE-2-768x512.jpeg 768w, https:\/\/www.sudoestehoje.com.br\/novoportal\/wp-content\/uploads\/2021\/05\/BRUSQUE-2.jpeg 1280w\" sizes=\"auto, (max-width: 500px) 100vw, 500px\" \/><\/a><\/p>\n<p>Em visita \u00e0 cidade de Brusque, no estado de Santa Catarina, o prefeito Rodrigo Hagge esteve no gabinete do prefeito Ari Vequi., nesta sexta-feira (21). A cidade possui um projeto de integra\u00e7\u00e3o com a Alemanha para a sustentabilidade que contempla entre outras iniciativas, instala\u00e7\u00e3o de ilumina\u00e7\u00e3o de LED, postos de abastecimento de carros el\u00e9tricos, bicicletas el\u00e9tricas compartilhadas, al\u00e9m do servi\u00e7o que auxilia a implanta\u00e7\u00e3o de pain\u00e9is fotovoltaicos domiciliares.<\/p>\n<p><a href=\"https:\/\/www.sudoestehoje.com.br\/novoportal\/wp-content\/uploads\/2021\/05\/BRUSQUE-3.jpeg\"><img loading=\"lazy\" decoding=\"async\" class=\"aligncenter size-medium wp-image-94937\" src=\"https:\/\/www.sudoestehoje.com.br\/novoportal\/wp-content\/uploads\/2021\/05\/BRUSQUE-3-500x333.jpeg\" alt=\"\" width=\"500\" height=\"333\" srcset=\"https:\/\/www.sudoestehoje.com.br\/novoportal\/wp-content\/uploads\/2021\/05\/BRUSQUE-3-500x333.jpeg 500w, https:\/\/www.sudoestehoje.com.br\/novoportal\/wp-content\/uploads\/2021\/05\/BRUSQUE-3-700x466.jpeg 700w, https:\/\/www.sudoestehoje.com.br\/novoportal\/wp-content\/uploads\/2021\/05\/BRUSQUE-3-768x512.jpeg 768w, https:\/\/www.sudoestehoje.com.br\/novoportal\/wp-content\/uploads\/2021\/05\/BRUSQUE-3.jpeg 1280w\" sizes=\"auto, (max-width: 500px) 100vw, 500px\" \/><\/a><\/p>\n<p>Vequi falou ainda sobre um modelo de desenvolvimento baseado na atra\u00e7\u00e3o de lojistas do sudeste para o polo t\u00eaxtil de Brusque \u2013 maior polo t\u00eaxtil do pa\u00eds. O munic\u00edpio tem oferecido capacita\u00e7\u00e3o aos pequenos produtores do ramo e de costureiras que atuam como Microempreendedoras individuais atendendo \u00e0s demandas de confec\u00e7\u00e3o, criando novos empreendimentos.<\/p>\n<p><a href=\"https:\/\/www.sudoestehoje.com.br\/novoportal\/wp-content\/uploads\/2021\/05\/BRUSQUE-1.jpeg\"><img loading=\"lazy\" decoding=\"async\" class=\"aligncenter size-medium wp-image-94938\" src=\"https:\/\/www.sudoestehoje.com.br\/novoportal\/wp-content\/uploads\/2021\/05\/BRUSQUE-1-500x333.jpeg\" alt=\"\" width=\"500\" height=\"333\" srcset=\"https:\/\/www.sudoestehoje.com.br\/novoportal\/wp-content\/uploads\/2021\/05\/BRUSQUE-1-500x333.jpeg 500w, https:\/\/www.sudoestehoje.com.br\/novoportal\/wp-content\/uploads\/2021\/05\/BRUSQUE-1-700x467.jpeg 700w, https:\/\/www.sudoestehoje.com.br\/novoportal\/wp-content\/uploads\/2021\/05\/BRUSQUE-1-768x512.jpeg 768w, https:\/\/www.sudoestehoje.com.br\/novoportal\/wp-content\/uploads\/2021\/05\/BRUSQUE-1.jpeg 990w\" sizes=\"auto, (max-width: 500px) 100vw, 500px\" \/><\/a><\/p>\n<p>Rodrigo Hagge falou sobre o perfil econ\u00f4mico da nossa microrregi\u00e3o, a evolu\u00e7\u00e3o do munic\u00edpio atrav\u00e9s da industrializa\u00e7\u00e3o, principalmente com a chegada do setor cal\u00e7adista. Falou sobre a atra\u00e7\u00e3o de novas ind\u00fastrias para o distrito industrial municipal, da capacita\u00e7\u00e3o dos pequenos produtores da agricultura familiar, da nova sala do empreendedor e de todo o projeto de incentivo a novos empreendimentos.<\/p>\n<p>Os prefeitos discutiram propostas de colabora\u00e7\u00e3o entre os munic\u00edpios e planos para parcerias de desenvolvimento.<\/p>\n","protected":false},"excerpt":{"rendered":"<p>Em visita \u00e0 cidade de Brusque, no estado de Santa Catarina, o prefeito Rodrigo Hagge esteve no gabinete do prefeito Ari Vequi., nesta sexta-feira (21). A cidade possui um projeto de integra\u00e7\u00e3o com a Alemanha para a sustentabilidade que contempla entre outras iniciativas, instala\u00e7\u00e3o de ilumina\u00e7\u00e3o de LED, postos de abastecimento de carros el\u00e9tricos, bicicletas [&hellip;]<\/p>\n","protected":false},"author":2,"featured_media":94938,"comment_status":"open","ping_status":"open","sticky":false,"template":"","format":"standard","meta":{"footnotes":"","_links_to":"","_links_to_target":""},"categories":[1],"tags":[],"class_list":["post-94934","post","type-post","status-publish","format-standard","has-post-thumbnail","hentry","category-geral"],"views":918,"_links":{"self":[{"href":"https:\/\/www.sudoestehoje.com.br\/novoportal\/wp-json\/wp\/v2\/posts\/94934","targetHints":{"allow":["GET"]}}],"collection":[{"href":"https:\/\/www.sudoestehoje.com.br\/novoportal\/wp-json\/wp\/v2\/posts"}],"about":[{"href":"https:\/\/www.sudoestehoje.com.br\/novoportal\/wp-json\/wp\/v2\/types\/post"}],"author":[{"embeddable":true,"href":"https:\/\/www.sudoestehoje.com.br\/novoportal\/wp-json\/wp\/v2\/users\/2"}],"replies":[{"embeddable":true,"href":"https:\/\/www.sudoestehoje.com.br\/novoportal\/wp-json\/wp\/v2\/comments?post=94934"}],"version-history":[{"count":2,"href":"https:\/\/www.sudoestehoje.com.br\/novoportal\/wp-json\/wp\/v2\/posts\/94934\/revisions"}],"predecessor-version":[{"id":94939,"href":"https:\/\/www.sudoestehoje.com.br\/novoportal\/wp-json\/wp\/v2\/posts\/94934\/revisions\/94939"}],"wp:featuredmedia":[{"embeddable":true,"href":"https:\/\/www.sudoestehoje.com.br\/novoportal\/wp-json\/wp\/v2\/media\/94938"}],"wp:attachment":[{"href":"https:\/\/www.sudoestehoje.com.br\/novoportal\/wp-json\/wp\/v2\/media?parent=94934"}],"wp:term":[{"taxonomy":"category","embeddable":true,"href":"https:\/\/www.sudoestehoje.com.br\/novoportal\/wp-json\/wp\/v2\/categories?post=94934"},{"taxonomy":"post_tag","embeddable":true,"href":"https:\/\/www.sudoestehoje.com.br\/novoportal\/wp-json\/wp\/v2\/tags?post=94934"}],"curies":[{"name":"wp","href":"https:\/\/api.w.org\/{rel}","templated":true}]}}