
{"id":94924,"date":"2021-05-20T21:48:20","date_gmt":"2021-05-21T00:48:20","guid":{"rendered":"https:\/\/www.sudoestehoje.com.br\/novoportal\/?p=94924"},"modified":"2021-05-20T21:49:15","modified_gmt":"2021-05-21T00:49:15","slug":"bahia-registra-5-182-novos-casos-da-covid-19-e-se-aproxima-de-1-milhao-mortes-passam-de-20-mil","status":"publish","type":"post","link":"https:\/\/www.sudoestehoje.com.br\/novoportal\/2021\/05\/20\/bahia-registra-5-182-novos-casos-da-covid-19-e-se-aproxima-de-1-milhao-mortes-passam-de-20-mil\/","title":{"rendered":"BAHIA REGISTRA 5.182 NOVOS CASOS DA COVID-19 E SE APROXIMA DE 1 MILH\u00c3O; MORTES PASSAM DE 20 MIL"},"content":{"rendered":"<p><a href=\"https:\/\/www.sudoestehoje.com.br\/novoportal\/wp-content\/uploads\/2021\/05\/MORTE-BAHIA-COVID.jpg\"><img loading=\"lazy\" decoding=\"async\" class=\"aligncenter size-medium wp-image-94926\" src=\"https:\/\/www.sudoestehoje.com.br\/novoportal\/wp-content\/uploads\/2021\/05\/MORTE-BAHIA-COVID-500x333.jpg\" alt=\"\" width=\"500\" height=\"333\" srcset=\"https:\/\/www.sudoestehoje.com.br\/novoportal\/wp-content\/uploads\/2021\/05\/MORTE-BAHIA-COVID-500x333.jpg 500w, https:\/\/www.sudoestehoje.com.br\/novoportal\/wp-content\/uploads\/2021\/05\/MORTE-BAHIA-COVID-700x467.jpg 700w, https:\/\/www.sudoestehoje.com.br\/novoportal\/wp-content\/uploads\/2021\/05\/MORTE-BAHIA-COVID-768x512.jpg 768w, https:\/\/www.sudoestehoje.com.br\/novoportal\/wp-content\/uploads\/2021\/05\/MORTE-BAHIA-COVID-1536x1024.jpg 1536w, https:\/\/www.sudoestehoje.com.br\/novoportal\/wp-content\/uploads\/2021\/05\/MORTE-BAHIA-COVID.jpg 2040w\" sizes=\"auto, (max-width: 500px) 100vw, 500px\" \/><\/a><\/p>\n<p>Na Bahia, nas \u00faltimas 24 horas, foram registrados 5.182 casos de Covid-19 (taxa de crescimento de +0,5%) e 4.187 recuperados (+0,5%). O boletim epidemiol\u00f3gico desta quinta-feira (20) tamb\u00e9m registra 74 \u00f3bitos.<\/p>\n<p>Dos 971.450 casos confirmados desde o in\u00edcio da pandemia, 932.687 j\u00e1 s\u00e3o considerados recuperados, 18.558 encontram-se ativos e 20.205 tiveram \u00f3bito confirmado.<\/p>\n<p>O n\u00famero total de \u00f3bitos por Covid-19 na Bahia desde o in\u00edcio da pandemia \u00e9 de 20.205, representando uma letalidade de 2,08%. Dentre os \u00f3bitos, 55,66% ocorreram no sexo masculino e 44,34% no sexo feminino.<\/p>\n<p>Em rela\u00e7\u00e3o ao quesito ra\u00e7a e cor, 54,82% corresponderam a parda, seguidos por branca com 22,05%, preta com 15,31%, amarela com 0,44%, ind\u00edgena com 0,12% e n\u00e3o h\u00e1 informa\u00e7\u00e3o em 7,26% dos \u00f3bitos.<\/p>\n<p>O percentual de casos com comorbidade foi de 63,37%, com maior percentual de doen\u00e7as card\u00edacas e cr\u00f4nicas (73,50%).<\/p>\n","protected":false},"excerpt":{"rendered":"<p>Na Bahia, nas \u00faltimas 24 horas, foram registrados 5.182 casos de Covid-19 (taxa de crescimento de +0,5%) e 4.187 recuperados (+0,5%). O boletim epidemiol\u00f3gico desta quinta-feira (20) tamb\u00e9m registra 74 \u00f3bitos. Dos 971.450 casos confirmados desde o in\u00edcio da pandemia, 932.687 j\u00e1 s\u00e3o considerados recuperados, 18.558 encontram-se ativos e 20.205 tiveram \u00f3bito confirmado. O n\u00famero [&hellip;]<\/p>\n","protected":false},"author":2,"featured_media":94926,"comment_status":"open","ping_status":"open","sticky":false,"template":"","format":"standard","meta":{"footnotes":"","_links_to":"","_links_to_target":""},"categories":[1],"tags":[],"class_list":["post-94924","post","type-post","status-publish","format-standard","has-post-thumbnail","hentry","category-geral"],"views":960,"_links":{"self":[{"href":"https:\/\/www.sudoestehoje.com.br\/novoportal\/wp-json\/wp\/v2\/posts\/94924","targetHints":{"allow":["GET"]}}],"collection":[{"href":"https:\/\/www.sudoestehoje.com.br\/novoportal\/wp-json\/wp\/v2\/posts"}],"about":[{"href":"https:\/\/www.sudoestehoje.com.br\/novoportal\/wp-json\/wp\/v2\/types\/post"}],"author":[{"embeddable":true,"href":"https:\/\/www.sudoestehoje.com.br\/novoportal\/wp-json\/wp\/v2\/users\/2"}],"replies":[{"embeddable":true,"href":"https:\/\/www.sudoestehoje.com.br\/novoportal\/wp-json\/wp\/v2\/comments?post=94924"}],"version-history":[{"count":2,"href":"https:\/\/www.sudoestehoje.com.br\/novoportal\/wp-json\/wp\/v2\/posts\/94924\/revisions"}],"predecessor-version":[{"id":94928,"href":"https:\/\/www.sudoestehoje.com.br\/novoportal\/wp-json\/wp\/v2\/posts\/94924\/revisions\/94928"}],"wp:featuredmedia":[{"embeddable":true,"href":"https:\/\/www.sudoestehoje.com.br\/novoportal\/wp-json\/wp\/v2\/media\/94926"}],"wp:attachment":[{"href":"https:\/\/www.sudoestehoje.com.br\/novoportal\/wp-json\/wp\/v2\/media?parent=94924"}],"wp:term":[{"taxonomy":"category","embeddable":true,"href":"https:\/\/www.sudoestehoje.com.br\/novoportal\/wp-json\/wp\/v2\/categories?post=94924"},{"taxonomy":"post_tag","embeddable":true,"href":"https:\/\/www.sudoestehoje.com.br\/novoportal\/wp-json\/wp\/v2\/tags?post=94924"}],"curies":[{"name":"wp","href":"https:\/\/api.w.org\/{rel}","templated":true}]}}