
{"id":94911,"date":"2021-05-20T00:43:35","date_gmt":"2021-05-20T03:43:35","guid":{"rendered":"https:\/\/www.sudoestehoje.com.br\/novoportal\/?p=94911"},"modified":"2021-05-20T00:43:35","modified_gmt":"2021-05-20T03:43:35","slug":"pdt-quer-lancar-ex-secretario-da-seagri-lucas-costa-candidato-a-deputado","status":"publish","type":"post","link":"https:\/\/www.sudoestehoje.com.br\/novoportal\/2021\/05\/20\/pdt-quer-lancar-ex-secretario-da-seagri-lucas-costa-candidato-a-deputado\/","title":{"rendered":"PDT QUER LAN\u00c7AR EX-SECRET\u00c1RIO DA SEAGRI LUCAS COSTA CANDIDATO A DEPUTADO"},"content":{"rendered":"<p><a href=\"https:\/\/www.sudoestehoje.com.br\/novoportal\/wp-content\/uploads\/2021\/05\/750_pdt-felix-mendonca-lucas-costa_2021519134237563.jpg\"><img loading=\"lazy\" decoding=\"async\" class=\"aligncenter size-medium wp-image-94913\" src=\"https:\/\/www.sudoestehoje.com.br\/novoportal\/wp-content\/uploads\/2021\/05\/750_pdt-felix-mendonca-lucas-costa_2021519134237563-500x333.jpg\" alt=\"\" width=\"500\" height=\"333\" srcset=\"https:\/\/www.sudoestehoje.com.br\/novoportal\/wp-content\/uploads\/2021\/05\/750_pdt-felix-mendonca-lucas-costa_2021519134237563-500x333.jpg 500w, https:\/\/www.sudoestehoje.com.br\/novoportal\/wp-content\/uploads\/2021\/05\/750_pdt-felix-mendonca-lucas-costa_2021519134237563-700x467.jpg 700w, https:\/\/www.sudoestehoje.com.br\/novoportal\/wp-content\/uploads\/2021\/05\/750_pdt-felix-mendonca-lucas-costa_2021519134237563.jpg 750w\" sizes=\"auto, (max-width: 500px) 100vw, 500px\" \/><\/a><\/p>\n<p>O presidente do PDT na Bahia, deputado federal F\u00e9lix Mendon\u00e7a, agradeceu (19) ao trabalho feito pelo pedetista Lucas Costa \u00e0 frente da Secretaria da Agricultura, Pecu\u00e1ria, Irriga\u00e7\u00e3o, Pesca e Aquicultura (Seagri). Lucas, que recebeu o convite para ser candidato a deputado estadual ou federal pela legenda, foi exonerado do cargo pelo governador Rui Costa (PT), ap\u00f3s ser informado da decis\u00e3o pela internet, pela imprensa e hoje pelo Di\u00e1rio Oficial.<\/p>\n<p>\u201cLucas Costa fez grande trabalho t\u00e9cnico \u00e0 frente da Seagri, onde estava desde setembro de 2019. Nesses quase dois anos, o agro na Bahia cresceu cerca de 17% em todos os setores. Mesmo na pandemia, em 2020, o crescimento foi de mais de 5%. Durante a gest\u00e3o dele, a secretaria estimulou a produ\u00e7\u00e3o agr\u00edcola investindo em moderniza\u00e7\u00e3o e equipamentos, facilitando o trabalho do homem do campo e do empreendedor. Esperamos que isso tenha continuidade, pelo bem da agricultura e pecu\u00e1ria na Bahia\u201d, afirmou F\u00e9lix.<\/p>\n<p>O presidente do PDT baiano disse que Lucas Costa, que \u00e9 natural de Itapetinga, poder\u00e1 escolher se deseja disputar uma cadeira na Assembleia Legislativa ou na C\u00e2mara Federal. \u201cEle est\u00e1 avaliando qual seria a melhor decis\u00e3o. O fato \u00e9 que ser\u00e1 um candidato competitivo, pois tem grandes servi\u00e7os prestados \u00e0 Bahia\u201d.<\/p>\n<p>Sobre uma eventual candidatura, Lucas Costa afirmou que ir\u00e1 avaliar o convite feito pelo PDT. \u201cVamos ouvir a fam\u00edlia, os amigos e avaliar o melhor caminho para o futuro\u201d.<\/p>\n","protected":false},"excerpt":{"rendered":"<p>O presidente do PDT na Bahia, deputado federal F\u00e9lix Mendon\u00e7a, agradeceu (19) ao trabalho feito pelo pedetista Lucas Costa \u00e0 frente da Secretaria da Agricultura, Pecu\u00e1ria, Irriga\u00e7\u00e3o, Pesca e Aquicultura (Seagri). Lucas, que recebeu o convite para ser candidato a deputado estadual ou federal pela legenda, foi exonerado do cargo pelo governador Rui Costa (PT), [&hellip;]<\/p>\n","protected":false},"author":2,"featured_media":94913,"comment_status":"open","ping_status":"open","sticky":false,"template":"","format":"standard","meta":{"footnotes":"","_links_to":"","_links_to_target":""},"categories":[1],"tags":[],"class_list":["post-94911","post","type-post","status-publish","format-standard","has-post-thumbnail","hentry","category-geral"],"views":1009,"_links":{"self":[{"href":"https:\/\/www.sudoestehoje.com.br\/novoportal\/wp-json\/wp\/v2\/posts\/94911","targetHints":{"allow":["GET"]}}],"collection":[{"href":"https:\/\/www.sudoestehoje.com.br\/novoportal\/wp-json\/wp\/v2\/posts"}],"about":[{"href":"https:\/\/www.sudoestehoje.com.br\/novoportal\/wp-json\/wp\/v2\/types\/post"}],"author":[{"embeddable":true,"href":"https:\/\/www.sudoestehoje.com.br\/novoportal\/wp-json\/wp\/v2\/users\/2"}],"replies":[{"embeddable":true,"href":"https:\/\/www.sudoestehoje.com.br\/novoportal\/wp-json\/wp\/v2\/comments?post=94911"}],"version-history":[{"count":3,"href":"https:\/\/www.sudoestehoje.com.br\/novoportal\/wp-json\/wp\/v2\/posts\/94911\/revisions"}],"predecessor-version":[{"id":94915,"href":"https:\/\/www.sudoestehoje.com.br\/novoportal\/wp-json\/wp\/v2\/posts\/94911\/revisions\/94915"}],"wp:featuredmedia":[{"embeddable":true,"href":"https:\/\/www.sudoestehoje.com.br\/novoportal\/wp-json\/wp\/v2\/media\/94913"}],"wp:attachment":[{"href":"https:\/\/www.sudoestehoje.com.br\/novoportal\/wp-json\/wp\/v2\/media?parent=94911"}],"wp:term":[{"taxonomy":"category","embeddable":true,"href":"https:\/\/www.sudoestehoje.com.br\/novoportal\/wp-json\/wp\/v2\/categories?post=94911"},{"taxonomy":"post_tag","embeddable":true,"href":"https:\/\/www.sudoestehoje.com.br\/novoportal\/wp-json\/wp\/v2\/tags?post=94911"}],"curies":[{"name":"wp","href":"https:\/\/api.w.org\/{rel}","templated":true}]}}