
{"id":94908,"date":"2021-05-19T22:50:03","date_gmt":"2021-05-20T01:50:03","guid":{"rendered":"https:\/\/www.sudoestehoje.com.br\/novoportal\/?p=94908"},"modified":"2021-05-19T22:50:03","modified_gmt":"2021-05-20T01:50:03","slug":"brasil-chega-a-403-milhoes-de-vacinados","status":"publish","type":"post","link":"https:\/\/www.sudoestehoje.com.br\/novoportal\/2021\/05\/19\/brasil-chega-a-403-milhoes-de-vacinados\/","title":{"rendered":"BRASIL CHEGA A 40,3 MILH\u00d5ES DE VACINADOS"},"content":{"rendered":"<p><a href=\"https:\/\/www.sudoestehoje.com.br\/novoportal\/wp-content\/uploads\/2021\/05\/vacina-de-covid-19-vacinacao-imunizante-1618855323706_v2_450x337.jpg\"><img loading=\"lazy\" decoding=\"async\" class=\"aligncenter  wp-image-94909\" src=\"https:\/\/www.sudoestehoje.com.br\/novoportal\/wp-content\/uploads\/2021\/05\/vacina-de-covid-19-vacinacao-imunizante-1618855323706_v2_450x337.jpg\" alt=\"\" width=\"501\" height=\"375\" \/><\/a><\/p>\n<p>O n\u00famero de pessoas vacinadas com ao menos uma dose contra a Covid-19 no Brasil chegou nesta quarta-feira, 19, a 40.365.246, o equivalente a 19,06% da popula\u00e7\u00e3o total. Nas \u00faltimas 24 horas, 467.406 pessoas receberam a primeira dose da vacina, de acordo com dados reunidos pelo cons\u00f3rcio de ve\u00edculos de imprensa junto a secretarias de 26 Estados e Distrito Federal.<\/p>\n<p>Entre os mais de 40 milh\u00f5es de vacinados, 19,9 milh\u00f5es receberam a segunda dose, o que representa 9,40% da popula\u00e7\u00e3o com a imuniza\u00e7\u00e3o completa contra o novo coronav\u00edrus. Nas \u00faltimas 24 horas, 197.775 pessoas receberam essa dose de refor\u00e7o. Somando as vacinas de primeira e segunda dose aplicadas, o Brasil administrou 665.181 doses nesta quarta-feira.<\/p>\n<p>Em termos proporcionais, o Rio Grande do Sul e o Mato Grosso s\u00e3o os Estados que mais vacinaram at\u00e9 aqui: 24,67% e 24,14% dos habitantes receberam ao menos a primeira dose, respectivamente. A porcentagem mais baixa \u00e9 encontrada em Roraima, onde 12,13% receberam a vacina. Em n\u00fameros absolutos, o maior n\u00famero de vacinados com a primeira dose est\u00e1 em S\u00e3o Paulo (10,02 milh\u00f5es), seguido por Minas Gerais (4,27 milh\u00f5es) e Bahia (3,05 milh\u00f5es).<\/p>\n","protected":false},"excerpt":{"rendered":"<p>O n\u00famero de pessoas vacinadas com ao menos uma dose contra a Covid-19 no Brasil chegou nesta quarta-feira, 19, a 40.365.246, o equivalente a 19,06% da popula\u00e7\u00e3o total. Nas \u00faltimas 24 horas, 467.406 pessoas receberam a primeira dose da vacina, de acordo com dados reunidos pelo cons\u00f3rcio de ve\u00edculos de imprensa junto a secretarias de [&hellip;]<\/p>\n","protected":false},"author":2,"featured_media":94909,"comment_status":"open","ping_status":"open","sticky":false,"template":"","format":"standard","meta":{"footnotes":"","_links_to":"","_links_to_target":""},"categories":[1],"tags":[],"class_list":["post-94908","post","type-post","status-publish","format-standard","has-post-thumbnail","hentry","category-geral"],"views":1183,"_links":{"self":[{"href":"https:\/\/www.sudoestehoje.com.br\/novoportal\/wp-json\/wp\/v2\/posts\/94908","targetHints":{"allow":["GET"]}}],"collection":[{"href":"https:\/\/www.sudoestehoje.com.br\/novoportal\/wp-json\/wp\/v2\/posts"}],"about":[{"href":"https:\/\/www.sudoestehoje.com.br\/novoportal\/wp-json\/wp\/v2\/types\/post"}],"author":[{"embeddable":true,"href":"https:\/\/www.sudoestehoje.com.br\/novoportal\/wp-json\/wp\/v2\/users\/2"}],"replies":[{"embeddable":true,"href":"https:\/\/www.sudoestehoje.com.br\/novoportal\/wp-json\/wp\/v2\/comments?post=94908"}],"version-history":[{"count":1,"href":"https:\/\/www.sudoestehoje.com.br\/novoportal\/wp-json\/wp\/v2\/posts\/94908\/revisions"}],"predecessor-version":[{"id":94910,"href":"https:\/\/www.sudoestehoje.com.br\/novoportal\/wp-json\/wp\/v2\/posts\/94908\/revisions\/94910"}],"wp:featuredmedia":[{"embeddable":true,"href":"https:\/\/www.sudoestehoje.com.br\/novoportal\/wp-json\/wp\/v2\/media\/94909"}],"wp:attachment":[{"href":"https:\/\/www.sudoestehoje.com.br\/novoportal\/wp-json\/wp\/v2\/media?parent=94908"}],"wp:term":[{"taxonomy":"category","embeddable":true,"href":"https:\/\/www.sudoestehoje.com.br\/novoportal\/wp-json\/wp\/v2\/categories?post=94908"},{"taxonomy":"post_tag","embeddable":true,"href":"https:\/\/www.sudoestehoje.com.br\/novoportal\/wp-json\/wp\/v2\/tags?post=94908"}],"curies":[{"name":"wp","href":"https:\/\/api.w.org\/{rel}","templated":true}]}}