
{"id":94894,"date":"2021-05-19T21:23:07","date_gmt":"2021-05-20T00:23:07","guid":{"rendered":"https:\/\/www.sudoestehoje.com.br\/novoportal\/?p=94894"},"modified":"2021-05-19T21:44:40","modified_gmt":"2021-05-20T00:44:40","slug":"primeira-parcela-do-13o-dos-aposentados-sera-paga-entre-25-de-maio-e-8-de-junho","status":"publish","type":"post","link":"https:\/\/www.sudoestehoje.com.br\/novoportal\/2021\/05\/19\/primeira-parcela-do-13o-dos-aposentados-sera-paga-entre-25-de-maio-e-8-de-junho\/","title":{"rendered":"PRIMEIRA PARCELA DO 13\u00ba DOS APOSENTADOS SER\u00c1 PAGA ENTRE 25 DE MAIO E 8 DE JUNHO"},"content":{"rendered":"<p><a href=\"https:\/\/www.sudoestehoje.com.br\/novoportal\/wp-content\/uploads\/2021\/05\/inssjus.jpg\"><img loading=\"lazy\" decoding=\"async\" class=\"aligncenter size-medium wp-image-94897\" src=\"https:\/\/www.sudoestehoje.com.br\/novoportal\/wp-content\/uploads\/2021\/05\/inssjus-500x310.jpg\" alt=\"\" width=\"500\" height=\"310\" srcset=\"https:\/\/www.sudoestehoje.com.br\/novoportal\/wp-content\/uploads\/2021\/05\/inssjus-500x310.jpg 500w, https:\/\/www.sudoestehoje.com.br\/novoportal\/wp-content\/uploads\/2021\/05\/inssjus-700x434.jpg 700w, https:\/\/www.sudoestehoje.com.br\/novoportal\/wp-content\/uploads\/2021\/05\/inssjus-768x476.jpg 768w, https:\/\/www.sudoestehoje.com.br\/novoportal\/wp-content\/uploads\/2021\/05\/inssjus.jpg 790w\" sizes=\"auto, (max-width: 500px) 100vw, 500px\" \/><\/a><\/p>\n<p>A primeira parcela do 13\u00ba sal\u00e1rio para aposentados, pensionistas e benefici\u00e1rios de aux\u00edlios previdenci\u00e1rios e acident\u00e1rios colocar\u00e1 em circula\u00e7\u00e3o na economia R$ 25,3 bilh\u00f5es entre os dias 25 de maio e 8 de junho, quando 31 milh\u00f5es de segurados ter\u00e3o direito ao pagamento antecipado da primeira parte da gratifica\u00e7\u00e3o, informou o INSS (Instituto Nacional do Seguro Social) nesta quarta-feira (19).<\/p>\n<p>O abono ser\u00e1 creditado nas mesmas datas em que os segurados receber\u00e3o tamb\u00e9m o benef\u00edcio de maio, conforme o calend\u00e1rio regular de pagamentos do \u00f3rg\u00e3o.<\/p>\n<p>J\u00e1 a segunda parcela ser\u00e1 antecipada para a folha de junho, a ser depositada entre os dias 24 de junho e 7 de julho. A ordem dos cr\u00e9ditos \u00e9 estabelecida conforme o n\u00famero final do benef\u00edcio, sem o d\u00edgito.<\/p>\n<p>A antecipa\u00e7\u00e3o dos pagamentos para o primeiro semestre \u00e9 uma das medidas adotadas pelo governo para reduzir o impacto da crise econ\u00f4mica agravada no pa\u00eds pela pandemia de Covid-19.<\/p>\n","protected":false},"excerpt":{"rendered":"<p>A primeira parcela do 13\u00ba sal\u00e1rio para aposentados, pensionistas e benefici\u00e1rios de aux\u00edlios previdenci\u00e1rios e acident\u00e1rios colocar\u00e1 em circula\u00e7\u00e3o na economia R$ 25,3 bilh\u00f5es entre os dias 25 de maio e 8 de junho, quando 31 milh\u00f5es de segurados ter\u00e3o direito ao pagamento antecipado da primeira parte da gratifica\u00e7\u00e3o, informou o INSS (Instituto Nacional do [&hellip;]<\/p>\n","protected":false},"author":2,"featured_media":94897,"comment_status":"open","ping_status":"open","sticky":false,"template":"","format":"standard","meta":{"footnotes":"","_links_to":"","_links_to_target":""},"categories":[1],"tags":[],"class_list":["post-94894","post","type-post","status-publish","format-standard","has-post-thumbnail","hentry","category-geral"],"views":1010,"_links":{"self":[{"href":"https:\/\/www.sudoestehoje.com.br\/novoportal\/wp-json\/wp\/v2\/posts\/94894","targetHints":{"allow":["GET"]}}],"collection":[{"href":"https:\/\/www.sudoestehoje.com.br\/novoportal\/wp-json\/wp\/v2\/posts"}],"about":[{"href":"https:\/\/www.sudoestehoje.com.br\/novoportal\/wp-json\/wp\/v2\/types\/post"}],"author":[{"embeddable":true,"href":"https:\/\/www.sudoestehoje.com.br\/novoportal\/wp-json\/wp\/v2\/users\/2"}],"replies":[{"embeddable":true,"href":"https:\/\/www.sudoestehoje.com.br\/novoportal\/wp-json\/wp\/v2\/comments?post=94894"}],"version-history":[{"count":3,"href":"https:\/\/www.sudoestehoje.com.br\/novoportal\/wp-json\/wp\/v2\/posts\/94894\/revisions"}],"predecessor-version":[{"id":94898,"href":"https:\/\/www.sudoestehoje.com.br\/novoportal\/wp-json\/wp\/v2\/posts\/94894\/revisions\/94898"}],"wp:featuredmedia":[{"embeddable":true,"href":"https:\/\/www.sudoestehoje.com.br\/novoportal\/wp-json\/wp\/v2\/media\/94897"}],"wp:attachment":[{"href":"https:\/\/www.sudoestehoje.com.br\/novoportal\/wp-json\/wp\/v2\/media?parent=94894"}],"wp:term":[{"taxonomy":"category","embeddable":true,"href":"https:\/\/www.sudoestehoje.com.br\/novoportal\/wp-json\/wp\/v2\/categories?post=94894"},{"taxonomy":"post_tag","embeddable":true,"href":"https:\/\/www.sudoestehoje.com.br\/novoportal\/wp-json\/wp\/v2\/tags?post=94894"}],"curies":[{"name":"wp","href":"https:\/\/api.w.org\/{rel}","templated":true}]}}