
{"id":94890,"date":"2021-05-19T20:46:50","date_gmt":"2021-05-19T23:46:50","guid":{"rendered":"https:\/\/www.sudoestehoje.com.br\/novoportal\/?p=94890"},"modified":"2021-05-19T20:46:50","modified_gmt":"2021-05-19T23:46:50","slug":"itapetinga-100-do-pessoal-da-educacao-sera-vacinado-a-partir-desta-quinta","status":"publish","type":"post","link":"https:\/\/www.sudoestehoje.com.br\/novoportal\/2021\/05\/19\/itapetinga-100-do-pessoal-da-educacao-sera-vacinado-a-partir-desta-quinta\/","title":{"rendered":"ITAPETINGA: 100% DO PESSOAL DA EDUCA\u00c7\u00c3O SER\u00c1 VACINADO A PARTIR DESTA QUINTA"},"content":{"rendered":"<p><a href=\"https:\/\/www.sudoestehoje.com.br\/novoportal\/wp-content\/uploads\/2021\/05\/vacina-professores.jpeg\"><img loading=\"lazy\" decoding=\"async\" class=\"aligncenter size-medium wp-image-94892\" src=\"https:\/\/www.sudoestehoje.com.br\/novoportal\/wp-content\/uploads\/2021\/05\/vacina-professores-500x500.jpeg\" alt=\"\" width=\"500\" height=\"500\" srcset=\"https:\/\/www.sudoestehoje.com.br\/novoportal\/wp-content\/uploads\/2021\/05\/vacina-professores-500x500.jpeg 500w, https:\/\/www.sudoestehoje.com.br\/novoportal\/wp-content\/uploads\/2021\/05\/vacina-professores-700x700.jpeg 700w, https:\/\/www.sudoestehoje.com.br\/novoportal\/wp-content\/uploads\/2021\/05\/vacina-professores-150x150.jpeg 150w, https:\/\/www.sudoestehoje.com.br\/novoportal\/wp-content\/uploads\/2021\/05\/vacina-professores-768x768.jpeg 768w, https:\/\/www.sudoestehoje.com.br\/novoportal\/wp-content\/uploads\/2021\/05\/vacina-professores.jpeg 1181w\" sizes=\"auto, (max-width: 500px) 100vw, 500px\" \/><\/a><\/p>\n<p>Itapetinga segue avan\u00e7ando com a Campanha de Vacina\u00e7\u00e3o contra a Covid-19. A partir desta quinta-feira, 20, poder\u00e3o ser imunizados os profissionais de educa\u00e7\u00e3o com mais de 18 anos, o que significa que 100% desses profissionais ser\u00e3o vacinados,<\/p>\n<p>A vacina\u00e7\u00e3o acontecer\u00e1 nos postos Arnaldo Teixeira e Clodoaldo Costa. Os profissionais que moram e atuam em Bandeira do Col\u00f4nia devem se vacinar no posto de sa\u00fade do distrito.<\/p>\n<p><em><strong>COMORBIDADES A PARTIR DE 30 ANOS<\/strong><\/em><\/p>\n<p>Tamb\u00e9m ser\u00e3o vacinados os pacientes com as comorbidades listadas pelo Minist\u00e9rio da Sa\u00fade que tenham mais de 30 anos.<\/p>\n<p>Para estes, as vacinas estar\u00e3o dispon\u00edveis nos postos Guilherme Dias, Vila Riach\u00e3o, Jos\u00e9 Luna, Am\u00e9rico Nogueira e Bandeira do Col\u00f4nia.<\/p>\n<p>Eles devem apresentar relat\u00f3rio m\u00e9dico que comprove sua enfermidade. Se voc\u00ea faz parte de um dos grupos priorit\u00e1rios, previna-se. <em>\/\/Ascom<\/em><\/p>\n","protected":false},"excerpt":{"rendered":"<p>Itapetinga segue avan\u00e7ando com a Campanha de Vacina\u00e7\u00e3o contra a Covid-19. A partir desta quinta-feira, 20, poder\u00e3o ser imunizados os profissionais de educa\u00e7\u00e3o com mais de 18 anos, o que significa que 100% desses profissionais ser\u00e3o vacinados, A vacina\u00e7\u00e3o acontecer\u00e1 nos postos Arnaldo Teixeira e Clodoaldo Costa. Os profissionais que moram e atuam em Bandeira [&hellip;]<\/p>\n","protected":false},"author":2,"featured_media":94892,"comment_status":"open","ping_status":"open","sticky":false,"template":"","format":"standard","meta":{"footnotes":"","_links_to":"","_links_to_target":""},"categories":[1],"tags":[],"class_list":["post-94890","post","type-post","status-publish","format-standard","has-post-thumbnail","hentry","category-geral"],"views":816,"_links":{"self":[{"href":"https:\/\/www.sudoestehoje.com.br\/novoportal\/wp-json\/wp\/v2\/posts\/94890","targetHints":{"allow":["GET"]}}],"collection":[{"href":"https:\/\/www.sudoestehoje.com.br\/novoportal\/wp-json\/wp\/v2\/posts"}],"about":[{"href":"https:\/\/www.sudoestehoje.com.br\/novoportal\/wp-json\/wp\/v2\/types\/post"}],"author":[{"embeddable":true,"href":"https:\/\/www.sudoestehoje.com.br\/novoportal\/wp-json\/wp\/v2\/users\/2"}],"replies":[{"embeddable":true,"href":"https:\/\/www.sudoestehoje.com.br\/novoportal\/wp-json\/wp\/v2\/comments?post=94890"}],"version-history":[{"count":2,"href":"https:\/\/www.sudoestehoje.com.br\/novoportal\/wp-json\/wp\/v2\/posts\/94890\/revisions"}],"predecessor-version":[{"id":94893,"href":"https:\/\/www.sudoestehoje.com.br\/novoportal\/wp-json\/wp\/v2\/posts\/94890\/revisions\/94893"}],"wp:featuredmedia":[{"embeddable":true,"href":"https:\/\/www.sudoestehoje.com.br\/novoportal\/wp-json\/wp\/v2\/media\/94892"}],"wp:attachment":[{"href":"https:\/\/www.sudoestehoje.com.br\/novoportal\/wp-json\/wp\/v2\/media?parent=94890"}],"wp:term":[{"taxonomy":"category","embeddable":true,"href":"https:\/\/www.sudoestehoje.com.br\/novoportal\/wp-json\/wp\/v2\/categories?post=94890"},{"taxonomy":"post_tag","embeddable":true,"href":"https:\/\/www.sudoestehoje.com.br\/novoportal\/wp-json\/wp\/v2\/tags?post=94890"}],"curies":[{"name":"wp","href":"https:\/\/api.w.org\/{rel}","templated":true}]}}