
{"id":94885,"date":"2021-05-19T20:00:53","date_gmt":"2021-05-19T23:00:53","guid":{"rendered":"https:\/\/www.sudoestehoje.com.br\/novoportal\/?p=94885"},"modified":"2021-05-19T20:03:31","modified_gmt":"2021-05-19T23:03:31","slug":"itapetinga-comissao-de-saude-da-camara-analisa-importantes-projetos-de-lei","status":"publish","type":"post","link":"https:\/\/www.sudoestehoje.com.br\/novoportal\/2021\/05\/19\/itapetinga-comissao-de-saude-da-camara-analisa-importantes-projetos-de-lei\/","title":{"rendered":"ITAPETINGA: COMISS\u00c3O DE SA\u00daDE DA C\u00c2MARA ANALISA IMPORTANTES PROJETOS DE LEI"},"content":{"rendered":"<p><a href=\"https:\/\/www.sudoestehoje.com.br\/novoportal\/wp-content\/uploads\/2021\/05\/comiss\u00e3o-de-saude.jpeg\"><img loading=\"lazy\" decoding=\"async\" class=\"aligncenter size-full wp-image-94887\" src=\"https:\/\/www.sudoestehoje.com.br\/novoportal\/wp-content\/uploads\/2021\/05\/comiss\u00e3o-de-saude.jpeg\" alt=\"\" width=\"498\" height=\"264\" \/><\/a><\/p>\n<p>A Comiss\u00e3o de Sa\u00fade da C\u00e2mara Municipal de Itapetinga se reuniu para discutir projetos que est\u00e3o em tramita\u00e7\u00e3o na Casa Legislativa. A reuni\u00e3o aconteceu nesta ter\u00e7a-feira (18) e contou com a participa\u00e7\u00e3o do assessor jur\u00eddico da C\u00e2mara de Vereadores, Rivadavia Ferraz J\u00fanior (Davi).<\/p>\n<p>A Comiss\u00e3o de Sa\u00fade analisou tr\u00eas projetos de lei. O Projeto de Lei N\u00ba004\/2021 institui regras de prote\u00e7\u00e3o dos direitos da pessoa com fibromialgia no \u00e2mbito do munic\u00edpio de Itapetinga, de autoria da vereadora Manu Brand\u00e3o (MDB).<\/p>\n<p>O Projeto de Lei N\u00ba003\/21 disp\u00f5e sobre a cria\u00e7\u00e3o do Conselho Municipal de Prote\u00e7\u00e3o e Defesa dos Animais (CMPDA).<\/p>\n<p>O outro projeto de lei analisado disp\u00f5e sobre a inser\u00e7\u00e3o da Semana de Enfermagem no calend\u00e1rio oficial do munic\u00edpio de Itapetinga.<\/p>\n<p>A Comiss\u00e3o de Sa\u00fade e Saneamento \u00e9 formada pelos vereadores Manu Brand\u00e3o (MDB), Geg\u00ea (PSB) e Neto Ferraz (PSC).<\/p>\n","protected":false},"excerpt":{"rendered":"<p>A Comiss\u00e3o de Sa\u00fade da C\u00e2mara Municipal de Itapetinga se reuniu para discutir projetos que est\u00e3o em tramita\u00e7\u00e3o na Casa Legislativa. A reuni\u00e3o aconteceu nesta ter\u00e7a-feira (18) e contou com a participa\u00e7\u00e3o do assessor jur\u00eddico da C\u00e2mara de Vereadores, Rivadavia Ferraz J\u00fanior (Davi). A Comiss\u00e3o de Sa\u00fade analisou tr\u00eas projetos de lei. O Projeto de [&hellip;]<\/p>\n","protected":false},"author":2,"featured_media":94887,"comment_status":"open","ping_status":"open","sticky":false,"template":"","format":"standard","meta":{"footnotes":"","_links_to":"","_links_to_target":""},"categories":[1],"tags":[],"class_list":["post-94885","post","type-post","status-publish","format-standard","has-post-thumbnail","hentry","category-geral"],"views":836,"_links":{"self":[{"href":"https:\/\/www.sudoestehoje.com.br\/novoportal\/wp-json\/wp\/v2\/posts\/94885","targetHints":{"allow":["GET"]}}],"collection":[{"href":"https:\/\/www.sudoestehoje.com.br\/novoportal\/wp-json\/wp\/v2\/posts"}],"about":[{"href":"https:\/\/www.sudoestehoje.com.br\/novoportal\/wp-json\/wp\/v2\/types\/post"}],"author":[{"embeddable":true,"href":"https:\/\/www.sudoestehoje.com.br\/novoportal\/wp-json\/wp\/v2\/users\/2"}],"replies":[{"embeddable":true,"href":"https:\/\/www.sudoestehoje.com.br\/novoportal\/wp-json\/wp\/v2\/comments?post=94885"}],"version-history":[{"count":3,"href":"https:\/\/www.sudoestehoje.com.br\/novoportal\/wp-json\/wp\/v2\/posts\/94885\/revisions"}],"predecessor-version":[{"id":94889,"href":"https:\/\/www.sudoestehoje.com.br\/novoportal\/wp-json\/wp\/v2\/posts\/94885\/revisions\/94889"}],"wp:featuredmedia":[{"embeddable":true,"href":"https:\/\/www.sudoestehoje.com.br\/novoportal\/wp-json\/wp\/v2\/media\/94887"}],"wp:attachment":[{"href":"https:\/\/www.sudoestehoje.com.br\/novoportal\/wp-json\/wp\/v2\/media?parent=94885"}],"wp:term":[{"taxonomy":"category","embeddable":true,"href":"https:\/\/www.sudoestehoje.com.br\/novoportal\/wp-json\/wp\/v2\/categories?post=94885"},{"taxonomy":"post_tag","embeddable":true,"href":"https:\/\/www.sudoestehoje.com.br\/novoportal\/wp-json\/wp\/v2\/tags?post=94885"}],"curies":[{"name":"wp","href":"https:\/\/api.w.org\/{rel}","templated":true}]}}