
{"id":94881,"date":"2021-05-18T20:27:04","date_gmt":"2021-05-18T23:27:04","guid":{"rendered":"https:\/\/www.sudoestehoje.com.br\/novoportal\/?p=94881"},"modified":"2021-05-18T20:27:04","modified_gmt":"2021-05-18T23:27:04","slug":"ciro-confirma-apoio-do-pdt-a-acm-neto","status":"publish","type":"post","link":"https:\/\/www.sudoestehoje.com.br\/novoportal\/2021\/05\/18\/ciro-confirma-apoio-do-pdt-a-acm-neto\/","title":{"rendered":"CIRO CONFIRMA APOIO DO PDT A ACM NETO"},"content":{"rendered":"<p><a href=\"https:\/\/www.sudoestehoje.com.br\/novoportal\/wp-content\/uploads\/2021\/05\/CIRO-E-NETO.jpeg\"><img loading=\"lazy\" decoding=\"async\" class=\"aligncenter size-medium wp-image-94883\" src=\"https:\/\/www.sudoestehoje.com.br\/novoportal\/wp-content\/uploads\/2021\/05\/CIRO-E-NETO-500x240.jpeg\" alt=\"\" width=\"500\" height=\"240\" srcset=\"https:\/\/www.sudoestehoje.com.br\/novoportal\/wp-content\/uploads\/2021\/05\/CIRO-E-NETO-500x240.jpeg 500w, https:\/\/www.sudoestehoje.com.br\/novoportal\/wp-content\/uploads\/2021\/05\/CIRO-E-NETO-700x336.jpeg 700w, https:\/\/www.sudoestehoje.com.br\/novoportal\/wp-content\/uploads\/2021\/05\/CIRO-E-NETO-768x369.jpeg 768w, https:\/\/www.sudoestehoje.com.br\/novoportal\/wp-content\/uploads\/2021\/05\/CIRO-E-NETO.jpeg 820w\" sizes=\"auto, (max-width: 500px) 100vw, 500px\" \/><\/a><\/p>\n<p>O presidenci\u00e1vel Ciro Gomes, confirmou que o PDT vai apoiar a candidatura de ACM Neto (DEM) ao Governo da Bahia nas elei\u00e7\u00f5es de 2022. \u201cO nosso candidato na Bahia \u00e9 ACM Neto e postulamos participar da chapa\u201d, disse o pedetista em entrevista para o jornal Valor Econ\u00f4mico.<\/p>\n<p>Na ocasi\u00e3o, Ciro afirmou que est\u00e1 em conversas para ter o apoio do Democratas e tamb\u00e9m do PSD em sua campanha para a Presid\u00eancia da Rep\u00fablica.<\/p>\n<p><em>\u201cEstamos conversando. O DEM est\u00e1 com um problema interno porque Bolsonaro tentou empolgar o DEM por dentro, usando o Onyx Lorenzoni. Doria tentou empolgar o DEM por fora, for\u00e7ando a m\u00e3o do vice-governador de S\u00e3o Paulo, que n\u00e3o funcionou, e o Rodrigo Maia rompido, saindo do DEM. O grande esfor\u00e7o do ACM Neto \u00e9 homogeneizar o DEM para fazer um entendimento. Tem o PSD tamb\u00e9m. Apoiamos o (Alexandre) Kalil no primeiro turno e ganhamos a elei\u00e7\u00e3o em Belo Horizonte. Vamos apoi\u00e1-lo se for candidato a governador. O PSD tem proposta formal para nossa de alian\u00e7a, al\u00e9m do PSB, PV e Rede. \u00c9 com essa alian\u00e7a que estou trabalhando\u201d<\/em>, disse.<\/p>\n","protected":false},"excerpt":{"rendered":"<p>O presidenci\u00e1vel Ciro Gomes, confirmou que o PDT vai apoiar a candidatura de ACM Neto (DEM) ao Governo da Bahia nas elei\u00e7\u00f5es de 2022. \u201cO nosso candidato na Bahia \u00e9 ACM Neto e postulamos participar da chapa\u201d, disse o pedetista em entrevista para o jornal Valor Econ\u00f4mico. Na ocasi\u00e3o, Ciro afirmou que est\u00e1 em conversas [&hellip;]<\/p>\n","protected":false},"author":2,"featured_media":94883,"comment_status":"open","ping_status":"open","sticky":false,"template":"","format":"standard","meta":{"footnotes":"","_links_to":"","_links_to_target":""},"categories":[1],"tags":[],"class_list":["post-94881","post","type-post","status-publish","format-standard","has-post-thumbnail","hentry","category-geral"],"views":924,"_links":{"self":[{"href":"https:\/\/www.sudoestehoje.com.br\/novoportal\/wp-json\/wp\/v2\/posts\/94881","targetHints":{"allow":["GET"]}}],"collection":[{"href":"https:\/\/www.sudoestehoje.com.br\/novoportal\/wp-json\/wp\/v2\/posts"}],"about":[{"href":"https:\/\/www.sudoestehoje.com.br\/novoportal\/wp-json\/wp\/v2\/types\/post"}],"author":[{"embeddable":true,"href":"https:\/\/www.sudoestehoje.com.br\/novoportal\/wp-json\/wp\/v2\/users\/2"}],"replies":[{"embeddable":true,"href":"https:\/\/www.sudoestehoje.com.br\/novoportal\/wp-json\/wp\/v2\/comments?post=94881"}],"version-history":[{"count":2,"href":"https:\/\/www.sudoestehoje.com.br\/novoportal\/wp-json\/wp\/v2\/posts\/94881\/revisions"}],"predecessor-version":[{"id":94884,"href":"https:\/\/www.sudoestehoje.com.br\/novoportal\/wp-json\/wp\/v2\/posts\/94881\/revisions\/94884"}],"wp:featuredmedia":[{"embeddable":true,"href":"https:\/\/www.sudoestehoje.com.br\/novoportal\/wp-json\/wp\/v2\/media\/94883"}],"wp:attachment":[{"href":"https:\/\/www.sudoestehoje.com.br\/novoportal\/wp-json\/wp\/v2\/media?parent=94881"}],"wp:term":[{"taxonomy":"category","embeddable":true,"href":"https:\/\/www.sudoestehoje.com.br\/novoportal\/wp-json\/wp\/v2\/categories?post=94881"},{"taxonomy":"post_tag","embeddable":true,"href":"https:\/\/www.sudoestehoje.com.br\/novoportal\/wp-json\/wp\/v2\/tags?post=94881"}],"curies":[{"name":"wp","href":"https:\/\/api.w.org\/{rel}","templated":true}]}}