
{"id":94877,"date":"2021-05-18T20:07:30","date_gmt":"2021-05-18T23:07:30","guid":{"rendered":"https:\/\/www.sudoestehoje.com.br\/novoportal\/?p=94877"},"modified":"2021-05-18T20:07:30","modified_gmt":"2021-05-18T23:07:30","slug":"itapetinguense-lucas-costa-e-exonerado-da-secretaria-da-agricultura-do-estado","status":"publish","type":"post","link":"https:\/\/www.sudoestehoje.com.br\/novoportal\/2021\/05\/18\/itapetinguense-lucas-costa-e-exonerado-da-secretaria-da-agricultura-do-estado\/","title":{"rendered":"ITAPETINGUENSE LUCAS COSTA \u00c9 EXONERADO DA SECRETARIA DA AGRICULTURA DO ESTADO"},"content":{"rendered":"<p><a href=\"https:\/\/www.sudoestehoje.com.br\/novoportal\/wp-content\/uploads\/2021\/05\/LUCAS.jpg\"><img loading=\"lazy\" decoding=\"async\" class=\"aligncenter  wp-image-94879\" src=\"https:\/\/www.sudoestehoje.com.br\/novoportal\/wp-content\/uploads\/2021\/05\/LUCAS.jpg\" alt=\"\" width=\"501\" height=\"312\" \/><\/a><\/p>\n<p>O governador da Bahia, Rui Costa (PT), anunciou, em transmiss\u00e3o online na noite desta ter\u00e7a-feira (18), tr\u00eas mudan\u00e7as no secretariado estadual, anunciando a indica\u00e7\u00e3o dos novos titulares da Secretaria de Rela\u00e7\u00f5es Institucionais (Serin), da Secretaria da Agricultura (Seagri) e da Secretaria do Turismo (Setur).<\/p>\n<p>A Secretaria da Agricultura (Seagri) era ocupada pelo itapetinguense <strong><em>Lucas Costa<\/em><\/strong>, na cota do deputado federal Felix Junior (PDT), que acabou rompendo com o governador para apoiar a candidatura de ACM Neto ao governo.<\/p>\n<p style=\"font-weight: 400;\">Conforme anunciado pelo governador, o ex-prefeito de Cama\u00e7ari, Luiz Caetano (PT), assumir\u00e1 a Serin no lugar de Jonival Lucas J\u00fanior; o atual secret\u00e1rio de Meio-Ambiente, Jo\u00e3o Carlos Oliveira, foi deslocado para a Seagri; e o novo comandante da Setur trata-se de\u00a0Maur\u00edcio Bacelar (Podemos).<\/p>\n<p style=\"font-weight: 400;\">Ainda em negocia\u00e7\u00e3o, o novo secret\u00e1rio do Meio-Ambiente, para substituir a Jo\u00e3o Carlos Oliveira, n\u00e3o foi anunciado por Rui.<\/p>\n","protected":false},"excerpt":{"rendered":"<p>O governador da Bahia, Rui Costa (PT), anunciou, em transmiss\u00e3o online na noite desta ter\u00e7a-feira (18), tr\u00eas mudan\u00e7as no secretariado estadual, anunciando a indica\u00e7\u00e3o dos novos titulares da Secretaria de Rela\u00e7\u00f5es Institucionais (Serin), da Secretaria da Agricultura (Seagri) e da Secretaria do Turismo (Setur). A Secretaria da Agricultura (Seagri) era ocupada pelo itapetinguense Lucas Costa, [&hellip;]<\/p>\n","protected":false},"author":2,"featured_media":94879,"comment_status":"open","ping_status":"open","sticky":false,"template":"","format":"standard","meta":{"footnotes":"","_links_to":"","_links_to_target":""},"categories":[1],"tags":[],"class_list":["post-94877","post","type-post","status-publish","format-standard","has-post-thumbnail","hentry","category-geral"],"views":1013,"_links":{"self":[{"href":"https:\/\/www.sudoestehoje.com.br\/novoportal\/wp-json\/wp\/v2\/posts\/94877","targetHints":{"allow":["GET"]}}],"collection":[{"href":"https:\/\/www.sudoestehoje.com.br\/novoportal\/wp-json\/wp\/v2\/posts"}],"about":[{"href":"https:\/\/www.sudoestehoje.com.br\/novoportal\/wp-json\/wp\/v2\/types\/post"}],"author":[{"embeddable":true,"href":"https:\/\/www.sudoestehoje.com.br\/novoportal\/wp-json\/wp\/v2\/users\/2"}],"replies":[{"embeddable":true,"href":"https:\/\/www.sudoestehoje.com.br\/novoportal\/wp-json\/wp\/v2\/comments?post=94877"}],"version-history":[{"count":2,"href":"https:\/\/www.sudoestehoje.com.br\/novoportal\/wp-json\/wp\/v2\/posts\/94877\/revisions"}],"predecessor-version":[{"id":94880,"href":"https:\/\/www.sudoestehoje.com.br\/novoportal\/wp-json\/wp\/v2\/posts\/94877\/revisions\/94880"}],"wp:featuredmedia":[{"embeddable":true,"href":"https:\/\/www.sudoestehoje.com.br\/novoportal\/wp-json\/wp\/v2\/media\/94879"}],"wp:attachment":[{"href":"https:\/\/www.sudoestehoje.com.br\/novoportal\/wp-json\/wp\/v2\/media?parent=94877"}],"wp:term":[{"taxonomy":"category","embeddable":true,"href":"https:\/\/www.sudoestehoje.com.br\/novoportal\/wp-json\/wp\/v2\/categories?post=94877"},{"taxonomy":"post_tag","embeddable":true,"href":"https:\/\/www.sudoestehoje.com.br\/novoportal\/wp-json\/wp\/v2\/tags?post=94877"}],"curies":[{"name":"wp","href":"https:\/\/api.w.org\/{rel}","templated":true}]}}