
{"id":94869,"date":"2021-05-17T23:18:15","date_gmt":"2021-05-18T02:18:15","guid":{"rendered":"https:\/\/www.sudoestehoje.com.br\/novoportal\/?p=94869"},"modified":"2021-05-17T23:18:15","modified_gmt":"2021-05-18T02:18:15","slug":"itapetinga-vereador-helder-ladeia-pede-adesao-do-municipio-ao-programa-federal-melhor-em-casa","status":"publish","type":"post","link":"https:\/\/www.sudoestehoje.com.br\/novoportal\/2021\/05\/17\/itapetinga-vereador-helder-ladeia-pede-adesao-do-municipio-ao-programa-federal-melhor-em-casa\/","title":{"rendered":"ITAPETINGA: VEREADOR HELDER LADEIA PEDE ADES\u00c3O DO MUNIC\u00cdPIO AO PROGRAMA FEDERAL &#8216;MELHOR EM CASA&#8217;"},"content":{"rendered":"<p><a href=\"https:\/\/www.sudoestehoje.com.br\/novoportal\/wp-content\/uploads\/2021\/05\/melhor-em-casa.jpg\"><img loading=\"lazy\" decoding=\"async\" class=\"aligncenter size-medium wp-image-94872\" src=\"https:\/\/www.sudoestehoje.com.br\/novoportal\/wp-content\/uploads\/2021\/05\/melhor-em-casa-500x333.jpg\" alt=\"\" width=\"500\" height=\"333\" srcset=\"https:\/\/www.sudoestehoje.com.br\/novoportal\/wp-content\/uploads\/2021\/05\/melhor-em-casa-500x333.jpg 500w, https:\/\/www.sudoestehoje.com.br\/novoportal\/wp-content\/uploads\/2021\/05\/melhor-em-casa-700x467.jpg 700w, https:\/\/www.sudoestehoje.com.br\/novoportal\/wp-content\/uploads\/2021\/05\/melhor-em-casa-768x512.jpg 768w, https:\/\/www.sudoestehoje.com.br\/novoportal\/wp-content\/uploads\/2021\/05\/melhor-em-casa.jpg 984w\" sizes=\"auto, (max-width: 500px) 100vw, 500px\" \/><\/a><\/p>\n<p>Nesta segunda-feira (17), o vereador Helder Ladeia (PSC) protocolou Indica\u00e7\u00e3o solicitando ao Chefe do Executivo a ades\u00e3o ao programa ao Servi\u00e7o de Aten\u00e7\u00e3o Domiciliar &#8216;MELHOR EM CASA&#8217;, do governo federal<\/p>\n<p><em>&#8220;O programa melhor em casa, representa um grande avan\u00e7o no \u00e2mbito do Sus e deve ser garantido pelos gestores nos seus munic\u00edpios. O objetivo \u00e9 levar atendimento m\u00e9dico \u00e0s casas de pessoas com necessidade de reabilita\u00e7\u00e3o motora, idosos, acamados e domiciliados, pacientes cr\u00f4nicos sem agravamento ou em situa\u00e7\u00e3o p\u00f3s cir\u00fargica, evitando interna\u00e7\u00f5es hospitalares desnecess\u00e1rias e as filas dos servi\u00e7os de urg\u00eancia e emerg\u00eancia&#8221;<\/em>, disse Helder ao <strong><em>Sudoeste Hoje<\/em><\/strong>.<\/p>\n<p><a href=\"https:\/\/www.sudoestehoje.com.br\/novoportal\/wp-content\/uploads\/2021\/05\/VEREADOR-HELDER.jpeg\"><img loading=\"lazy\" decoding=\"async\" class=\"aligncenter size-medium wp-image-94874\" src=\"https:\/\/www.sudoestehoje.com.br\/novoportal\/wp-content\/uploads\/2021\/05\/VEREADOR-HELDER-500x324.jpeg\" alt=\"\" width=\"500\" height=\"324\" srcset=\"https:\/\/www.sudoestehoje.com.br\/novoportal\/wp-content\/uploads\/2021\/05\/VEREADOR-HELDER-500x324.jpeg 500w, https:\/\/www.sudoestehoje.com.br\/novoportal\/wp-content\/uploads\/2021\/05\/VEREADOR-HELDER-700x453.jpeg 700w, https:\/\/www.sudoestehoje.com.br\/novoportal\/wp-content\/uploads\/2021\/05\/VEREADOR-HELDER-768x497.jpeg 768w, https:\/\/www.sudoestehoje.com.br\/novoportal\/wp-content\/uploads\/2021\/05\/VEREADOR-HELDER.jpeg 780w\" sizes=\"auto, (max-width: 500px) 100vw, 500px\" \/><\/a><\/p>\n<p>O vereador Helder Ladeia representa o distrito de Bandeira do Col\u00f4nia, sendo ligado \u00e0 \u00e1rea da sa\u00fade. Desde o in\u00edcio do seu mandato, vem atuando com determina\u00e7\u00e3o e efici\u00eancia junto ao prefeito Rodrigo Hagge, tendo conseguido in\u00fameras melhorias para o distrito e seus moradores.<\/p>\n<p><strong><em>Por Davi Ferraz<\/em><\/strong><\/p>\n","protected":false},"excerpt":{"rendered":"<p>Nesta segunda-feira (17), o vereador Helder Ladeia (PSC) protocolou Indica\u00e7\u00e3o solicitando ao Chefe do Executivo a ades\u00e3o ao programa ao Servi\u00e7o de Aten\u00e7\u00e3o Domiciliar &#8216;MELHOR EM CASA&#8217;, do governo federal &#8220;O programa melhor em casa, representa um grande avan\u00e7o no \u00e2mbito do Sus e deve ser garantido pelos gestores nos seus munic\u00edpios. O objetivo \u00e9 [&hellip;]<\/p>\n","protected":false},"author":2,"featured_media":94872,"comment_status":"open","ping_status":"open","sticky":false,"template":"","format":"standard","meta":{"footnotes":"","_links_to":"","_links_to_target":""},"categories":[1],"tags":[],"class_list":["post-94869","post","type-post","status-publish","format-standard","has-post-thumbnail","hentry","category-geral"],"views":1502,"_links":{"self":[{"href":"https:\/\/www.sudoestehoje.com.br\/novoportal\/wp-json\/wp\/v2\/posts\/94869","targetHints":{"allow":["GET"]}}],"collection":[{"href":"https:\/\/www.sudoestehoje.com.br\/novoportal\/wp-json\/wp\/v2\/posts"}],"about":[{"href":"https:\/\/www.sudoestehoje.com.br\/novoportal\/wp-json\/wp\/v2\/types\/post"}],"author":[{"embeddable":true,"href":"https:\/\/www.sudoestehoje.com.br\/novoportal\/wp-json\/wp\/v2\/users\/2"}],"replies":[{"embeddable":true,"href":"https:\/\/www.sudoestehoje.com.br\/novoportal\/wp-json\/wp\/v2\/comments?post=94869"}],"version-history":[{"count":4,"href":"https:\/\/www.sudoestehoje.com.br\/novoportal\/wp-json\/wp\/v2\/posts\/94869\/revisions"}],"predecessor-version":[{"id":94875,"href":"https:\/\/www.sudoestehoje.com.br\/novoportal\/wp-json\/wp\/v2\/posts\/94869\/revisions\/94875"}],"wp:featuredmedia":[{"embeddable":true,"href":"https:\/\/www.sudoestehoje.com.br\/novoportal\/wp-json\/wp\/v2\/media\/94872"}],"wp:attachment":[{"href":"https:\/\/www.sudoestehoje.com.br\/novoportal\/wp-json\/wp\/v2\/media?parent=94869"}],"wp:term":[{"taxonomy":"category","embeddable":true,"href":"https:\/\/www.sudoestehoje.com.br\/novoportal\/wp-json\/wp\/v2\/categories?post=94869"},{"taxonomy":"post_tag","embeddable":true,"href":"https:\/\/www.sudoestehoje.com.br\/novoportal\/wp-json\/wp\/v2\/tags?post=94869"}],"curies":[{"name":"wp","href":"https:\/\/api.w.org\/{rel}","templated":true}]}}