
{"id":94866,"date":"2021-05-17T22:25:51","date_gmt":"2021-05-18T01:25:51","guid":{"rendered":"https:\/\/www.sudoestehoje.com.br\/novoportal\/?p=94866"},"modified":"2021-05-17T22:25:51","modified_gmt":"2021-05-18T01:25:51","slug":"medico-morre-apos-batida-entre-carro-e-cacamba-no-sudoeste-da-bahia","status":"publish","type":"post","link":"https:\/\/www.sudoestehoje.com.br\/novoportal\/2021\/05\/17\/medico-morre-apos-batida-entre-carro-e-cacamba-no-sudoeste-da-bahia\/","title":{"rendered":"M\u00c9DICO MORRE AP\u00d3S BATIDA ENTRE CARRO E CA\u00c7AMBA NO SUDOESTE DA BAHIA"},"content":{"rendered":"<p><a href=\"https:\/\/www.sudoestehoje.com.br\/novoportal\/wp-content\/uploads\/2021\/05\/M\u00e9dico-morre-ap\u00f3s-batida-frontal-entre-carro-e-ca\u00e7amba-no-sudoeste-da-Bahia-1000x530-1.jpg\"><img loading=\"lazy\" decoding=\"async\" class=\"aligncenter size-medium wp-image-94867\" src=\"https:\/\/www.sudoestehoje.com.br\/novoportal\/wp-content\/uploads\/2021\/05\/M\u00e9dico-morre-ap\u00f3s-batida-frontal-entre-carro-e-ca\u00e7amba-no-sudoeste-da-Bahia-1000x530-1-500x265.jpg\" alt=\"\" width=\"500\" height=\"265\" srcset=\"https:\/\/www.sudoestehoje.com.br\/novoportal\/wp-content\/uploads\/2021\/05\/M\u00e9dico-morre-ap\u00f3s-batida-frontal-entre-carro-e-ca\u00e7amba-no-sudoeste-da-Bahia-1000x530-1-500x265.jpg 500w, https:\/\/www.sudoestehoje.com.br\/novoportal\/wp-content\/uploads\/2021\/05\/M\u00e9dico-morre-ap\u00f3s-batida-frontal-entre-carro-e-ca\u00e7amba-no-sudoeste-da-Bahia-1000x530-1-700x371.jpg 700w, https:\/\/www.sudoestehoje.com.br\/novoportal\/wp-content\/uploads\/2021\/05\/M\u00e9dico-morre-ap\u00f3s-batida-frontal-entre-carro-e-ca\u00e7amba-no-sudoeste-da-Bahia-1000x530-1-768x407.jpg 768w, https:\/\/www.sudoestehoje.com.br\/novoportal\/wp-content\/uploads\/2021\/05\/M\u00e9dico-morre-ap\u00f3s-batida-frontal-entre-carro-e-ca\u00e7amba-no-sudoeste-da-Bahia-1000x530-1.jpg 1000w\" sizes=\"auto, (max-width: 500px) 100vw, 500px\" \/><\/a><\/p>\n<p>Um m\u00e9dico morreu em um acidente entre um carro e uma ca\u00e7amba na manh\u00e3 desta segunda-feira (17), na BR-330, entre as cidades de Jita\u00fana e Jequi\u00e9, no sudoeste da Bahia. As informa\u00e7\u00f5es s\u00e3o da Pol\u00edcia Rodovi\u00e1ria Federal (PRF).<\/p>\n<p>A v\u00edtima foi identificada como Lauro de Melo Pita Filho, de 52 anos. Ele era anestesiologia e atuava em hospitais e cl\u00ednicas em Itabuna, dentre elas a Day Horc, o Hospital Manoel Novaes, o Hospital Calixto Midlej Filho e o Hospital S\u00e3o Vicente de Paula.<\/p>\n<p>Segundo a PRF, ele estava no carro que bateu de frente com a ca\u00e7amba, por volta das 7h. Com o impacto da batida, a frente do carro em que o m\u00e9dico estava ficou destru\u00edda. J\u00e1 a ca\u00e7amba ficou com a parte lateral danificada.<\/p>\n<p>A v\u00edtima morreu no local. Segundo a Pol\u00edcia Civil, a ca\u00e7amba era conduzida por uma mulher, que n\u00e3o teve a identidade divulgada. Ela foi encaminhada para o Hospital Geral Prado Valadares, em Jequi\u00e9, mas o estado de sa\u00fade dela n\u00e3o foi divulgado.<\/p>\n<p>O corpo de Lauro foi encaminhado para o Departamento de Pol\u00edcia T\u00e9cnica (DPT) e as causas do acidente s\u00e3o apuradas pela PRF.<\/p>\n<p>O Sindicato dos M\u00e9dicos do Estado da Bahia (Sindimed-BA) lamentou a morte do m\u00e9dico.<\/p>\n","protected":false},"excerpt":{"rendered":"<p>Um m\u00e9dico morreu em um acidente entre um carro e uma ca\u00e7amba na manh\u00e3 desta segunda-feira (17), na BR-330, entre as cidades de Jita\u00fana e Jequi\u00e9, no sudoeste da Bahia. As informa\u00e7\u00f5es s\u00e3o da Pol\u00edcia Rodovi\u00e1ria Federal (PRF). A v\u00edtima foi identificada como Lauro de Melo Pita Filho, de 52 anos. Ele era anestesiologia e [&hellip;]<\/p>\n","protected":false},"author":2,"featured_media":94867,"comment_status":"open","ping_status":"open","sticky":false,"template":"","format":"standard","meta":{"footnotes":"","_links_to":"","_links_to_target":""},"categories":[1],"tags":[],"class_list":["post-94866","post","type-post","status-publish","format-standard","has-post-thumbnail","hentry","category-geral"],"views":1123,"_links":{"self":[{"href":"https:\/\/www.sudoestehoje.com.br\/novoportal\/wp-json\/wp\/v2\/posts\/94866","targetHints":{"allow":["GET"]}}],"collection":[{"href":"https:\/\/www.sudoestehoje.com.br\/novoportal\/wp-json\/wp\/v2\/posts"}],"about":[{"href":"https:\/\/www.sudoestehoje.com.br\/novoportal\/wp-json\/wp\/v2\/types\/post"}],"author":[{"embeddable":true,"href":"https:\/\/www.sudoestehoje.com.br\/novoportal\/wp-json\/wp\/v2\/users\/2"}],"replies":[{"embeddable":true,"href":"https:\/\/www.sudoestehoje.com.br\/novoportal\/wp-json\/wp\/v2\/comments?post=94866"}],"version-history":[{"count":1,"href":"https:\/\/www.sudoestehoje.com.br\/novoportal\/wp-json\/wp\/v2\/posts\/94866\/revisions"}],"predecessor-version":[{"id":94868,"href":"https:\/\/www.sudoestehoje.com.br\/novoportal\/wp-json\/wp\/v2\/posts\/94866\/revisions\/94868"}],"wp:featuredmedia":[{"embeddable":true,"href":"https:\/\/www.sudoestehoje.com.br\/novoportal\/wp-json\/wp\/v2\/media\/94867"}],"wp:attachment":[{"href":"https:\/\/www.sudoestehoje.com.br\/novoportal\/wp-json\/wp\/v2\/media?parent=94866"}],"wp:term":[{"taxonomy":"category","embeddable":true,"href":"https:\/\/www.sudoestehoje.com.br\/novoportal\/wp-json\/wp\/v2\/categories?post=94866"},{"taxonomy":"post_tag","embeddable":true,"href":"https:\/\/www.sudoestehoje.com.br\/novoportal\/wp-json\/wp\/v2\/tags?post=94866"}],"curies":[{"name":"wp","href":"https:\/\/api.w.org\/{rel}","templated":true}]}}