
{"id":94852,"date":"2021-05-17T10:31:17","date_gmt":"2021-05-17T13:31:17","guid":{"rendered":"https:\/\/www.sudoestehoje.com.br\/novoportal\/?p=94852"},"modified":"2021-05-17T10:31:17","modified_gmt":"2021-05-17T13:31:17","slug":"regiao-prefeita-de-conquista-reafirma-apoio-a-acm-neto-para-governador","status":"publish","type":"post","link":"https:\/\/www.sudoestehoje.com.br\/novoportal\/2021\/05\/17\/regiao-prefeita-de-conquista-reafirma-apoio-a-acm-neto-para-governador\/","title":{"rendered":"REGI\u00c3O: PREFEITA DE CONQUISTA REAFIRMA APOIO A ACM NETO PARA GOVERNADOR"},"content":{"rendered":"<p><a href=\"https:\/\/www.sudoestehoje.com.br\/novoportal\/wp-content\/uploads\/2021\/05\/SHEILA-LEMOS-E-ACM-NETO.jpeg\"><img loading=\"lazy\" decoding=\"async\" class=\"aligncenter size-medium wp-image-94854\" src=\"https:\/\/www.sudoestehoje.com.br\/novoportal\/wp-content\/uploads\/2021\/05\/SHEILA-LEMOS-E-ACM-NETO-500x265.jpeg\" alt=\"\" width=\"500\" height=\"265\" srcset=\"https:\/\/www.sudoestehoje.com.br\/novoportal\/wp-content\/uploads\/2021\/05\/SHEILA-LEMOS-E-ACM-NETO-500x265.jpeg 500w, https:\/\/www.sudoestehoje.com.br\/novoportal\/wp-content\/uploads\/2021\/05\/SHEILA-LEMOS-E-ACM-NETO-700x371.jpeg 700w, https:\/\/www.sudoestehoje.com.br\/novoportal\/wp-content\/uploads\/2021\/05\/SHEILA-LEMOS-E-ACM-NETO-768x407.jpeg 768w, https:\/\/www.sudoestehoje.com.br\/novoportal\/wp-content\/uploads\/2021\/05\/SHEILA-LEMOS-E-ACM-NETO.jpeg 1000w\" sizes=\"auto, (max-width: 500px) 100vw, 500px\" \/><\/a><\/p>\n<p>A audi\u00eancia que a prefeita de Vit\u00f3ria da Conquista, Sheila Lemos (DEM), manteve, na semana passada, com o governador Rui Costa (PT), rendeu manchetes e especula\u00e7\u00f5es quanto ao posicionamento da gestora em rela\u00e7\u00e3o ao seu futuro pol\u00edtico e \u00e0 elei\u00e7\u00e3o do pr\u00f3ximo ano. Para Sheila, no entanto, n\u00e3o h\u00e1 nenhuma d\u00favida, ela continua no partido pelo qual foi eleita vice-prefeita, o DEM, e leal ao compromisso com o ex-prefeito de Salvador, ACM Neto.<\/p>\n<p>\u201cTenho um compromisso e uma prioridade primordial: realizar obras e programas sociais que proporcionem desenvolvimento e bem-estar para nosso munic\u00edpio e nosso popula\u00e7\u00e3o. Para isso, vamos conversar com todos os que puderem apoiar, construindo pontes e derrubando muros\u201d, afirma a prefeita.<\/p>\n<p>Sheila destaca que o saudoso prefeito Herzem Gusm\u00e3o lhe deixou uma li\u00e7\u00e3o que norteia sua gest\u00e3o: \u201cA preocupa\u00e7\u00e3o com as pessoas, com obras e a\u00e7\u00f5es que melhorem a cidade e de todos, \u00e9 a meta, e \u00e9 isso o que buscamos em todas as inst\u00e2ncias, o que n\u00e3o significa posicionamento pol\u00edtico-partid\u00e1rio\u201d, explicou a prefeita.<\/p>\n<p>Esta semana, o senador Jaques Wagner (PT) deu entrevista a uma r\u00e1dio local em que ressalta o exclusivo interesse da prefeita Sheila Lemos nos assuntos do munic\u00edpio. Para o senador a prefeita est\u00e1 focada em obter apoio para investimentos em Vit\u00f3ria da Conquista sem misturar com pol\u00edtica partid\u00e1ria. \u201cEu disse ao senador que tenho lado, que \u00e9 Conquista, mas politicamente estamos em lado opostos\u201d, ressaltou Sheila Lemos.<\/p>\n","protected":false},"excerpt":{"rendered":"<p>A audi\u00eancia que a prefeita de Vit\u00f3ria da Conquista, Sheila Lemos (DEM), manteve, na semana passada, com o governador Rui Costa (PT), rendeu manchetes e especula\u00e7\u00f5es quanto ao posicionamento da gestora em rela\u00e7\u00e3o ao seu futuro pol\u00edtico e \u00e0 elei\u00e7\u00e3o do pr\u00f3ximo ano. Para Sheila, no entanto, n\u00e3o h\u00e1 nenhuma d\u00favida, ela continua no partido [&hellip;]<\/p>\n","protected":false},"author":2,"featured_media":94854,"comment_status":"open","ping_status":"open","sticky":false,"template":"","format":"standard","meta":{"footnotes":"","_links_to":"","_links_to_target":""},"categories":[1],"tags":[],"class_list":["post-94852","post","type-post","status-publish","format-standard","has-post-thumbnail","hentry","category-geral"],"views":991,"_links":{"self":[{"href":"https:\/\/www.sudoestehoje.com.br\/novoportal\/wp-json\/wp\/v2\/posts\/94852","targetHints":{"allow":["GET"]}}],"collection":[{"href":"https:\/\/www.sudoestehoje.com.br\/novoportal\/wp-json\/wp\/v2\/posts"}],"about":[{"href":"https:\/\/www.sudoestehoje.com.br\/novoportal\/wp-json\/wp\/v2\/types\/post"}],"author":[{"embeddable":true,"href":"https:\/\/www.sudoestehoje.com.br\/novoportal\/wp-json\/wp\/v2\/users\/2"}],"replies":[{"embeddable":true,"href":"https:\/\/www.sudoestehoje.com.br\/novoportal\/wp-json\/wp\/v2\/comments?post=94852"}],"version-history":[{"count":2,"href":"https:\/\/www.sudoestehoje.com.br\/novoportal\/wp-json\/wp\/v2\/posts\/94852\/revisions"}],"predecessor-version":[{"id":94855,"href":"https:\/\/www.sudoestehoje.com.br\/novoportal\/wp-json\/wp\/v2\/posts\/94852\/revisions\/94855"}],"wp:featuredmedia":[{"embeddable":true,"href":"https:\/\/www.sudoestehoje.com.br\/novoportal\/wp-json\/wp\/v2\/media\/94854"}],"wp:attachment":[{"href":"https:\/\/www.sudoestehoje.com.br\/novoportal\/wp-json\/wp\/v2\/media?parent=94852"}],"wp:term":[{"taxonomy":"category","embeddable":true,"href":"https:\/\/www.sudoestehoje.com.br\/novoportal\/wp-json\/wp\/v2\/categories?post=94852"},{"taxonomy":"post_tag","embeddable":true,"href":"https:\/\/www.sudoestehoje.com.br\/novoportal\/wp-json\/wp\/v2\/tags?post=94852"}],"curies":[{"name":"wp","href":"https:\/\/api.w.org\/{rel}","templated":true}]}}