
{"id":94849,"date":"2021-05-17T10:24:41","date_gmt":"2021-05-17T13:24:41","guid":{"rendered":"https:\/\/www.sudoestehoje.com.br\/novoportal\/?p=94849"},"modified":"2021-05-17T10:24:41","modified_gmt":"2021-05-17T13:24:41","slug":"governo-vai-proibir-transporte-intermunicipal-durante-o-sao-joao-diz-rui","status":"publish","type":"post","link":"https:\/\/www.sudoestehoje.com.br\/novoportal\/2021\/05\/17\/governo-vai-proibir-transporte-intermunicipal-durante-o-sao-joao-diz-rui\/","title":{"rendered":"GOVERNO VAI PROIBIR TRANSPORTE INTERMUNICIPAL DURANTE O S\u00c3O JO\u00c3O, DIZ RUI"},"content":{"rendered":"<div class=\"text-center\">\n<div class=\"box-img\">\n<div class=\"img-legenda\"><a href=\"https:\/\/www.sudoestehoje.com.br\/novoportal\/wp-content\/uploads\/2021\/05\/S\u00c3O-JO\u00c3O-ONIBUS.jpg\"><img loading=\"lazy\" decoding=\"async\" class=\"aligncenter size-medium wp-image-94850\" src=\"https:\/\/www.sudoestehoje.com.br\/novoportal\/wp-content\/uploads\/2021\/05\/S\u00c3O-JO\u00c3O-ONIBUS-500x329.jpg\" alt=\"\" width=\"500\" height=\"329\" srcset=\"https:\/\/www.sudoestehoje.com.br\/novoportal\/wp-content\/uploads\/2021\/05\/S\u00c3O-JO\u00c3O-ONIBUS-500x329.jpg 500w, https:\/\/www.sudoestehoje.com.br\/novoportal\/wp-content\/uploads\/2021\/05\/S\u00c3O-JO\u00c3O-ONIBUS.jpg 512w\" sizes=\"auto, (max-width: 500px) 100vw, 500px\" \/><\/a><\/div>\n<\/div>\n<\/div>\n<div class=\"text-descricao\">\n<p>O transporte intermunicipal ser\u00e1 suspenso na Bahia durante o S\u00e3o Jo\u00e3o. A medida foi anunciada na manh\u00e3 desta segunda-feira (17) pelo governador Rui Costa (PT) como forma de tentar conter a circula\u00e7\u00e3o de pessoas durante o feriado.<\/p>\n<p dir=\"ltr\">&#8220;N\u00f3s vamos agir no sentido de limitar ao m\u00e1ximo o cont\u00e1gio no S\u00e3o Jo\u00e3o porque \u00e9 assim mesmo. (&#8230;). Todas as vezes que, por alguma raz\u00e3o, as pessoas se juntaram, duas semanas depois os casos aparecem&#8221;, justificou o governador, ao falar com a imprensa na entrega de uma conten\u00e7\u00e3o de encosta no bairro de Boa Vista do Lobato, em Salvador.<\/p>\n<p dir=\"ltr\">Neste ano, o feriado n\u00e3o foi antecipado, pois o gestor avaliou que a medida n\u00e3o foi efetiva em 2020. Por outro lado, assim como no \u00faltimo ano, os festejos juninos n\u00e3o ser\u00e3o realizados.<\/p>\n<p dir=\"ltr\">A Covid-19 j\u00e1 tirou a vida de 19.894 mil moradores da Bahia e, embora o estado tenha avan\u00e7ado nas flexibiliza\u00e7\u00f5es, o \u00edndice de ocupa\u00e7\u00e3o nas UTIs Covid ainda est\u00e1 na faixa dos 80%. Al\u00e9m disso, a \u00faltima semana, Rui chegou a demonstrar preocupa\u00e7\u00e3o com o novo crescimento de casos ativos<\/p>\n<\/div>\n","protected":false},"excerpt":{"rendered":"<p>O transporte intermunicipal ser\u00e1 suspenso na Bahia durante o S\u00e3o Jo\u00e3o. A medida foi anunciada na manh\u00e3 desta segunda-feira (17) pelo governador Rui Costa (PT) como forma de tentar conter a circula\u00e7\u00e3o de pessoas durante o feriado. &#8220;N\u00f3s vamos agir no sentido de limitar ao m\u00e1ximo o cont\u00e1gio no S\u00e3o Jo\u00e3o porque \u00e9 assim mesmo. [&hellip;]<\/p>\n","protected":false},"author":2,"featured_media":94850,"comment_status":"open","ping_status":"open","sticky":false,"template":"","format":"standard","meta":{"footnotes":"","_links_to":"","_links_to_target":""},"categories":[1],"tags":[],"class_list":["post-94849","post","type-post","status-publish","format-standard","has-post-thumbnail","hentry","category-geral"],"views":949,"_links":{"self":[{"href":"https:\/\/www.sudoestehoje.com.br\/novoportal\/wp-json\/wp\/v2\/posts\/94849","targetHints":{"allow":["GET"]}}],"collection":[{"href":"https:\/\/www.sudoestehoje.com.br\/novoportal\/wp-json\/wp\/v2\/posts"}],"about":[{"href":"https:\/\/www.sudoestehoje.com.br\/novoportal\/wp-json\/wp\/v2\/types\/post"}],"author":[{"embeddable":true,"href":"https:\/\/www.sudoestehoje.com.br\/novoportal\/wp-json\/wp\/v2\/users\/2"}],"replies":[{"embeddable":true,"href":"https:\/\/www.sudoestehoje.com.br\/novoportal\/wp-json\/wp\/v2\/comments?post=94849"}],"version-history":[{"count":1,"href":"https:\/\/www.sudoestehoje.com.br\/novoportal\/wp-json\/wp\/v2\/posts\/94849\/revisions"}],"predecessor-version":[{"id":94851,"href":"https:\/\/www.sudoestehoje.com.br\/novoportal\/wp-json\/wp\/v2\/posts\/94849\/revisions\/94851"}],"wp:featuredmedia":[{"embeddable":true,"href":"https:\/\/www.sudoestehoje.com.br\/novoportal\/wp-json\/wp\/v2\/media\/94850"}],"wp:attachment":[{"href":"https:\/\/www.sudoestehoje.com.br\/novoportal\/wp-json\/wp\/v2\/media?parent=94849"}],"wp:term":[{"taxonomy":"category","embeddable":true,"href":"https:\/\/www.sudoestehoje.com.br\/novoportal\/wp-json\/wp\/v2\/categories?post=94849"},{"taxonomy":"post_tag","embeddable":true,"href":"https:\/\/www.sudoestehoje.com.br\/novoportal\/wp-json\/wp\/v2\/tags?post=94849"}],"curies":[{"name":"wp","href":"https:\/\/api.w.org\/{rel}","templated":true}]}}