
{"id":94846,"date":"2021-05-16T11:15:40","date_gmt":"2021-05-16T14:15:40","guid":{"rendered":"https:\/\/www.sudoestehoje.com.br\/novoportal\/?p=94846"},"modified":"2021-05-16T11:15:40","modified_gmt":"2021-05-16T14:15:40","slug":"atriz-eva-vilma-morre-aos-87-anos","status":"publish","type":"post","link":"https:\/\/www.sudoestehoje.com.br\/novoportal\/2021\/05\/16\/atriz-eva-vilma-morre-aos-87-anos\/","title":{"rendered":"ATRIZ EVA VILMA MORRE AOS 87 ANOS"},"content":{"rendered":"<p><a href=\"https:\/\/www.sudoestehoje.com.br\/novoportal\/wp-content\/uploads\/2021\/05\/eva-wilma.jpg\"><img loading=\"lazy\" decoding=\"async\" class=\"aligncenter size-medium wp-image-94847\" src=\"https:\/\/www.sudoestehoje.com.br\/novoportal\/wp-content\/uploads\/2021\/05\/eva-wilma-500x350.jpg\" alt=\"\" width=\"500\" height=\"350\" srcset=\"https:\/\/www.sudoestehoje.com.br\/novoportal\/wp-content\/uploads\/2021\/05\/eva-wilma-500x350.jpg 500w, https:\/\/www.sudoestehoje.com.br\/novoportal\/wp-content\/uploads\/2021\/05\/eva-wilma.jpg 600w\" sizes=\"auto, (max-width: 500px) 100vw, 500px\" \/><\/a><\/p>\n<p>A atriz Eva Wilma morreu neste s\u00e1bado (15), aos 87 anos,\u00a0<a href=\"https:\/\/bahia.ba\/entretenimento\/atriz-eva-wilma-e-diagnosticada-com-cancer-de-ovario\/\" target=\"_blank\" rel=\"noopener noreferrer\">v\u00edtima de um c\u00e2ncer no ov\u00e1rio<\/a>. Ela estava internada na Unidade de Tratamento Intensivo (UTI) do Hospital Albert Einstein, na Zona Sul de S\u00e3o Paulo, desde o dia 15 de abril, para tratar inicialmente de problemas card\u00edacos e renais.<\/p>\n<p>\u201cComunicamos que a atriz Eva Wilma acaba de falecer \u00e0s 22h08 no Hospital Israelita Albert Einstein, em S\u00e3o Paulo, em fun\u00e7\u00e3o de um c\u00e2ncer de ov\u00e1rio disseminado, levando a insufici\u00eancia respirat\u00f3ria\u201d, diz comunicado oficial.<\/p>\n","protected":false},"excerpt":{"rendered":"<p>A atriz Eva Wilma morreu neste s\u00e1bado (15), aos 87 anos,\u00a0v\u00edtima de um c\u00e2ncer no ov\u00e1rio. Ela estava internada na Unidade de Tratamento Intensivo (UTI) do Hospital Albert Einstein, na Zona Sul de S\u00e3o Paulo, desde o dia 15 de abril, para tratar inicialmente de problemas card\u00edacos e renais. \u201cComunicamos que a atriz Eva Wilma [&hellip;]<\/p>\n","protected":false},"author":2,"featured_media":94847,"comment_status":"open","ping_status":"open","sticky":false,"template":"","format":"standard","meta":{"footnotes":"","_links_to":"","_links_to_target":""},"categories":[1],"tags":[],"class_list":["post-94846","post","type-post","status-publish","format-standard","has-post-thumbnail","hentry","category-geral"],"views":981,"_links":{"self":[{"href":"https:\/\/www.sudoestehoje.com.br\/novoportal\/wp-json\/wp\/v2\/posts\/94846","targetHints":{"allow":["GET"]}}],"collection":[{"href":"https:\/\/www.sudoestehoje.com.br\/novoportal\/wp-json\/wp\/v2\/posts"}],"about":[{"href":"https:\/\/www.sudoestehoje.com.br\/novoportal\/wp-json\/wp\/v2\/types\/post"}],"author":[{"embeddable":true,"href":"https:\/\/www.sudoestehoje.com.br\/novoportal\/wp-json\/wp\/v2\/users\/2"}],"replies":[{"embeddable":true,"href":"https:\/\/www.sudoestehoje.com.br\/novoportal\/wp-json\/wp\/v2\/comments?post=94846"}],"version-history":[{"count":1,"href":"https:\/\/www.sudoestehoje.com.br\/novoportal\/wp-json\/wp\/v2\/posts\/94846\/revisions"}],"predecessor-version":[{"id":94848,"href":"https:\/\/www.sudoestehoje.com.br\/novoportal\/wp-json\/wp\/v2\/posts\/94846\/revisions\/94848"}],"wp:featuredmedia":[{"embeddable":true,"href":"https:\/\/www.sudoestehoje.com.br\/novoportal\/wp-json\/wp\/v2\/media\/94847"}],"wp:attachment":[{"href":"https:\/\/www.sudoestehoje.com.br\/novoportal\/wp-json\/wp\/v2\/media?parent=94846"}],"wp:term":[{"taxonomy":"category","embeddable":true,"href":"https:\/\/www.sudoestehoje.com.br\/novoportal\/wp-json\/wp\/v2\/categories?post=94846"},{"taxonomy":"post_tag","embeddable":true,"href":"https:\/\/www.sudoestehoje.com.br\/novoportal\/wp-json\/wp\/v2\/tags?post=94846"}],"curies":[{"name":"wp","href":"https:\/\/api.w.org\/{rel}","templated":true}]}}