
{"id":94843,"date":"2021-05-16T11:07:34","date_gmt":"2021-05-16T14:07:34","guid":{"rendered":"https:\/\/www.sudoestehoje.com.br\/novoportal\/?p=94843"},"modified":"2021-05-16T11:07:34","modified_gmt":"2021-05-16T14:07:34","slug":"morre-aos-41-anos-o-prefeito-de-sao-paulo","status":"publish","type":"post","link":"https:\/\/www.sudoestehoje.com.br\/novoportal\/2021\/05\/16\/morre-aos-41-anos-o-prefeito-de-sao-paulo\/","title":{"rendered":"MORRE, AOS 41 ANOS, O PREFEITO DE S\u00c3O PAULO"},"content":{"rendered":"<p><a href=\"https:\/\/www.sudoestehoje.com.br\/novoportal\/wp-content\/uploads\/2021\/05\/bruno_covas_790x444_04052021135609.jpg\"><img loading=\"lazy\" decoding=\"async\" class=\"aligncenter size-medium wp-image-94844\" src=\"https:\/\/www.sudoestehoje.com.br\/novoportal\/wp-content\/uploads\/2021\/05\/bruno_covas_790x444_04052021135609-500x281.jpg\" alt=\"\" width=\"500\" height=\"281\" srcset=\"https:\/\/www.sudoestehoje.com.br\/novoportal\/wp-content\/uploads\/2021\/05\/bruno_covas_790x444_04052021135609-500x281.jpg 500w, https:\/\/www.sudoestehoje.com.br\/novoportal\/wp-content\/uploads\/2021\/05\/bruno_covas_790x444_04052021135609-700x393.jpg 700w, https:\/\/www.sudoestehoje.com.br\/novoportal\/wp-content\/uploads\/2021\/05\/bruno_covas_790x444_04052021135609-768x432.jpg 768w, https:\/\/www.sudoestehoje.com.br\/novoportal\/wp-content\/uploads\/2021\/05\/bruno_covas_790x444_04052021135609.jpg 790w\" sizes=\"auto, (max-width: 500px) 100vw, 500px\" \/><\/a><\/p>\n<p>Morreu neste domingo (16) o prefeito de S\u00e3o Paulo, Bruno Covas (PSDB), aos 41 anos, v\u00edtima de complica\u00e7\u00f5es de um c\u00e2ncer no sistema digestivo com met\u00e1stase nos ossos e no f\u00edgado.\u00a0Covas deixa um filho de 15 anos.<\/p>\n<p>O gestor estava\u00a0internado desde o dia 2 de maio no Hospital S\u00edrio-Liban\u00eas, no Centro da capital paulista, para tratamento do c\u00e2ncer, mas\u00a0 enfrentava a doen\u00e7a desde 2019.<\/p>\n<p>Com o afastamento de Covas do cargo, o vice-prefeito, Ricardo Nunes (MDB), assumiu a Prefeitura de S\u00e3o Paulo no \u00faltimo dia 4, inicialmente por 30 dias.<\/p>\n<p>Bruno Covas assumiu a prefeitura de\u00a0S\u00e3o Paulo em 2018, ap\u00f3s a ren\u00fancia de Jo\u00e3o Doria (PSDB), de quem era vice. Em 2020, foi reeleito no segundo turno com 3.169.121 votos, o equivalente a 59,38% dos votos v\u00e1lidos.<\/p>\n","protected":false},"excerpt":{"rendered":"<p>Morreu neste domingo (16) o prefeito de S\u00e3o Paulo, Bruno Covas (PSDB), aos 41 anos, v\u00edtima de complica\u00e7\u00f5es de um c\u00e2ncer no sistema digestivo com met\u00e1stase nos ossos e no f\u00edgado.\u00a0Covas deixa um filho de 15 anos. O gestor estava\u00a0internado desde o dia 2 de maio no Hospital S\u00edrio-Liban\u00eas, no Centro da capital paulista, para [&hellip;]<\/p>\n","protected":false},"author":2,"featured_media":94844,"comment_status":"open","ping_status":"open","sticky":false,"template":"","format":"standard","meta":{"footnotes":"","_links_to":"","_links_to_target":""},"categories":[1],"tags":[],"class_list":["post-94843","post","type-post","status-publish","format-standard","has-post-thumbnail","hentry","category-geral"],"views":1077,"_links":{"self":[{"href":"https:\/\/www.sudoestehoje.com.br\/novoportal\/wp-json\/wp\/v2\/posts\/94843","targetHints":{"allow":["GET"]}}],"collection":[{"href":"https:\/\/www.sudoestehoje.com.br\/novoportal\/wp-json\/wp\/v2\/posts"}],"about":[{"href":"https:\/\/www.sudoestehoje.com.br\/novoportal\/wp-json\/wp\/v2\/types\/post"}],"author":[{"embeddable":true,"href":"https:\/\/www.sudoestehoje.com.br\/novoportal\/wp-json\/wp\/v2\/users\/2"}],"replies":[{"embeddable":true,"href":"https:\/\/www.sudoestehoje.com.br\/novoportal\/wp-json\/wp\/v2\/comments?post=94843"}],"version-history":[{"count":1,"href":"https:\/\/www.sudoestehoje.com.br\/novoportal\/wp-json\/wp\/v2\/posts\/94843\/revisions"}],"predecessor-version":[{"id":94845,"href":"https:\/\/www.sudoestehoje.com.br\/novoportal\/wp-json\/wp\/v2\/posts\/94843\/revisions\/94845"}],"wp:featuredmedia":[{"embeddable":true,"href":"https:\/\/www.sudoestehoje.com.br\/novoportal\/wp-json\/wp\/v2\/media\/94844"}],"wp:attachment":[{"href":"https:\/\/www.sudoestehoje.com.br\/novoportal\/wp-json\/wp\/v2\/media?parent=94843"}],"wp:term":[{"taxonomy":"category","embeddable":true,"href":"https:\/\/www.sudoestehoje.com.br\/novoportal\/wp-json\/wp\/v2\/categories?post=94843"},{"taxonomy":"post_tag","embeddable":true,"href":"https:\/\/www.sudoestehoje.com.br\/novoportal\/wp-json\/wp\/v2\/tags?post=94843"}],"curies":[{"name":"wp","href":"https:\/\/api.w.org\/{rel}","templated":true}]}}