
{"id":94839,"date":"2021-05-15T00:56:37","date_gmt":"2021-05-15T03:56:37","guid":{"rendered":"https:\/\/www.sudoestehoje.com.br\/novoportal\/?p=94839"},"modified":"2021-05-15T00:56:37","modified_gmt":"2021-05-15T03:56:37","slug":"supremo-decide-que-censo-demografico-devera-ser-realizado-em-2022","status":"publish","type":"post","link":"https:\/\/www.sudoestehoje.com.br\/novoportal\/2021\/05\/15\/supremo-decide-que-censo-demografico-devera-ser-realizado-em-2022\/","title":{"rendered":"SUPREMO DECIDE QUE CENSO DEMOGR\u00c1FICO DEVER\u00c1 SER REALIZADO EM 2022"},"content":{"rendered":"<p><a href=\"https:\/\/www.sudoestehoje.com.br\/novoportal\/wp-content\/uploads\/2021\/05\/CENSO.jpg\"><img loading=\"lazy\" decoding=\"async\" class=\"aligncenter size-medium wp-image-94841\" src=\"https:\/\/www.sudoestehoje.com.br\/novoportal\/wp-content\/uploads\/2021\/05\/CENSO-500x333.jpg\" alt=\"\" width=\"500\" height=\"333\" srcset=\"https:\/\/www.sudoestehoje.com.br\/novoportal\/wp-content\/uploads\/2021\/05\/CENSO-500x333.jpg 500w, https:\/\/www.sudoestehoje.com.br\/novoportal\/wp-content\/uploads\/2021\/05\/CENSO-700x467.jpg 700w, https:\/\/www.sudoestehoje.com.br\/novoportal\/wp-content\/uploads\/2021\/05\/CENSO-768x512.jpg 768w, https:\/\/www.sudoestehoje.com.br\/novoportal\/wp-content\/uploads\/2021\/05\/CENSO.jpg 960w\" sizes=\"auto, (max-width: 500px) 100vw, 500px\" \/><\/a><\/p>\n<p>O Supremo Tribunal Federal (STF) decidiu nesta sexta-feira (14) que o Censo Demogr\u00e1fico do Instituto Brasileiro de Geografia e Estat\u00edstica (IBGE) dever\u00e1 ser realizado em 2022. A contagem populacional estava prevista para 2020, foi adiada para 2021, devido \u00e0 pandemia do novo coronav\u00edrus, mas problemas or\u00e7ament\u00e1rios a inviabilizaram.<\/p>\n<p>Por maioria de votos, os ministros concordaram parcialmente com a decis\u00e3o individual do ministro Marco Aur\u00e9lio, que determinou que o governo federal adote as medidas necess\u00e1rias para realiza\u00e7\u00e3o do censo, mas somente para o ano que vem. A liminar do ministro determinava a realiza\u00e7\u00e3o ainda neste ano.<\/p>\n<p>O STF julgou um pedido liminar feito pelo governo do Maranh\u00e3o, que alegou omiss\u00e3o da Uni\u00e3o na aloca\u00e7\u00e3o de recursos para realiza\u00e7\u00e3o do censo. O julgamento foi realizado virtualmente, modalidade na qual os ministros apresentam seus votos pelo sistema eletr\u00f4nico sem se reunirem presencialmente.<\/p>\n<p>No m\u00eas passado, o Minist\u00e9rio da Economia informou que o Censo n\u00e3o ser\u00e1 realizado por falta de or\u00e7amento. Inicialmente, estavam previstos R$ 2 bilh\u00f5es para realiza\u00e7\u00e3o da pesquisa, mas, durante a tramita\u00e7\u00e3o da lei or\u00e7ament\u00e1ria no Congresso Nacional, R$ 1,76 bilh\u00e3o foram cortados pelos parlamentares, inviabilizando a realiza\u00e7\u00e3o da contagem populacional. As informa\u00e7\u00f5es s\u00e3o da\u00a0<em>Ag\u00eancia Brasil<\/em>.<\/p>\n","protected":false},"excerpt":{"rendered":"<p>O Supremo Tribunal Federal (STF) decidiu nesta sexta-feira (14) que o Censo Demogr\u00e1fico do Instituto Brasileiro de Geografia e Estat\u00edstica (IBGE) dever\u00e1 ser realizado em 2022. A contagem populacional estava prevista para 2020, foi adiada para 2021, devido \u00e0 pandemia do novo coronav\u00edrus, mas problemas or\u00e7ament\u00e1rios a inviabilizaram. Por maioria de votos, os ministros concordaram [&hellip;]<\/p>\n","protected":false},"author":2,"featured_media":94841,"comment_status":"open","ping_status":"open","sticky":false,"template":"","format":"standard","meta":{"footnotes":"","_links_to":"","_links_to_target":""},"categories":[1],"tags":[],"class_list":["post-94839","post","type-post","status-publish","format-standard","has-post-thumbnail","hentry","category-geral"],"views":1117,"_links":{"self":[{"href":"https:\/\/www.sudoestehoje.com.br\/novoportal\/wp-json\/wp\/v2\/posts\/94839","targetHints":{"allow":["GET"]}}],"collection":[{"href":"https:\/\/www.sudoestehoje.com.br\/novoportal\/wp-json\/wp\/v2\/posts"}],"about":[{"href":"https:\/\/www.sudoestehoje.com.br\/novoportal\/wp-json\/wp\/v2\/types\/post"}],"author":[{"embeddable":true,"href":"https:\/\/www.sudoestehoje.com.br\/novoportal\/wp-json\/wp\/v2\/users\/2"}],"replies":[{"embeddable":true,"href":"https:\/\/www.sudoestehoje.com.br\/novoportal\/wp-json\/wp\/v2\/comments?post=94839"}],"version-history":[{"count":2,"href":"https:\/\/www.sudoestehoje.com.br\/novoportal\/wp-json\/wp\/v2\/posts\/94839\/revisions"}],"predecessor-version":[{"id":94842,"href":"https:\/\/www.sudoestehoje.com.br\/novoportal\/wp-json\/wp\/v2\/posts\/94839\/revisions\/94842"}],"wp:featuredmedia":[{"embeddable":true,"href":"https:\/\/www.sudoestehoje.com.br\/novoportal\/wp-json\/wp\/v2\/media\/94841"}],"wp:attachment":[{"href":"https:\/\/www.sudoestehoje.com.br\/novoportal\/wp-json\/wp\/v2\/media?parent=94839"}],"wp:term":[{"taxonomy":"category","embeddable":true,"href":"https:\/\/www.sudoestehoje.com.br\/novoportal\/wp-json\/wp\/v2\/categories?post=94839"},{"taxonomy":"post_tag","embeddable":true,"href":"https:\/\/www.sudoestehoje.com.br\/novoportal\/wp-json\/wp\/v2\/tags?post=94839"}],"curies":[{"name":"wp","href":"https:\/\/api.w.org\/{rel}","templated":true}]}}