
{"id":94835,"date":"2021-05-15T00:44:52","date_gmt":"2021-05-15T03:44:52","guid":{"rendered":"https:\/\/www.sudoestehoje.com.br\/novoportal\/?p=94835"},"modified":"2021-05-15T00:44:52","modified_gmt":"2021-05-15T03:44:52","slug":"so-aumenta-bahia-registra-4-029-casos-de-covid-19-e-115-mortes-em-24-horas","status":"publish","type":"post","link":"https:\/\/www.sudoestehoje.com.br\/novoportal\/2021\/05\/15\/so-aumenta-bahia-registra-4-029-casos-de-covid-19-e-115-mortes-em-24-horas\/","title":{"rendered":"S\u00d3 AUMENTA: BAHIA REGISTRA 4.029 CASOS DE COVID-19 E 115 MORTES EM 24 HORAS"},"content":{"rendered":"<p><a href=\"https:\/\/www.sudoestehoje.com.br\/novoportal\/wp-content\/uploads\/2021\/05\/LEITOS-UTI-COVID-1.jpg\"><img loading=\"lazy\" decoding=\"async\" class=\"aligncenter size-medium wp-image-94837\" src=\"https:\/\/www.sudoestehoje.com.br\/novoportal\/wp-content\/uploads\/2021\/05\/LEITOS-UTI-COVID-1-500x350.jpg\" alt=\"\" width=\"500\" height=\"350\" srcset=\"https:\/\/www.sudoestehoje.com.br\/novoportal\/wp-content\/uploads\/2021\/05\/LEITOS-UTI-COVID-1-500x350.jpg 500w, https:\/\/www.sudoestehoje.com.br\/novoportal\/wp-content\/uploads\/2021\/05\/LEITOS-UTI-COVID-1.jpg 600w\" sizes=\"auto, (max-width: 500px) 100vw, 500px\" \/><\/a><\/p>\n<p>Na Bahia, nas \u00faltimas 24 horas, foram registrados 4.029 casos de Covid-19, conforme divulgado pelo boletim epidemiol\u00f3gico desta sexta-feira (14) da Secretaria da Sa\u00fade da Bahia (Sesab).<\/p>\n<p>Segundo o boletim,\u00a0115 novos \u00f3bitos causados pela doen\u00e7a\u00a0tamb\u00e9m foram registrados. No entanto, apesar de as mortes terem ocorrido em diversas datas, a confirma\u00e7\u00e3o e registro foram realizados hoje.<\/p>\n<p>Segundo a Sesab, dos 948.753 casos confirmados desde o in\u00edcio da pandemia, 911.392 j\u00e1 s\u00e3o considerados recuperados, 17.622 encontram-se ativos e 19.739 tiveram \u00f3bito confirmado, representando uma letalidade de 2,08%.<\/p>\n","protected":false},"excerpt":{"rendered":"<p>Na Bahia, nas \u00faltimas 24 horas, foram registrados 4.029 casos de Covid-19, conforme divulgado pelo boletim epidemiol\u00f3gico desta sexta-feira (14) da Secretaria da Sa\u00fade da Bahia (Sesab). Segundo o boletim,\u00a0115 novos \u00f3bitos causados pela doen\u00e7a\u00a0tamb\u00e9m foram registrados. No entanto, apesar de as mortes terem ocorrido em diversas datas, a confirma\u00e7\u00e3o e registro foram realizados hoje. [&hellip;]<\/p>\n","protected":false},"author":2,"featured_media":94836,"comment_status":"open","ping_status":"open","sticky":false,"template":"","format":"standard","meta":{"footnotes":"","_links_to":"","_links_to_target":""},"categories":[1],"tags":[],"class_list":["post-94835","post","type-post","status-publish","format-standard","has-post-thumbnail","hentry","category-geral"],"views":1018,"_links":{"self":[{"href":"https:\/\/www.sudoestehoje.com.br\/novoportal\/wp-json\/wp\/v2\/posts\/94835","targetHints":{"allow":["GET"]}}],"collection":[{"href":"https:\/\/www.sudoestehoje.com.br\/novoportal\/wp-json\/wp\/v2\/posts"}],"about":[{"href":"https:\/\/www.sudoestehoje.com.br\/novoportal\/wp-json\/wp\/v2\/types\/post"}],"author":[{"embeddable":true,"href":"https:\/\/www.sudoestehoje.com.br\/novoportal\/wp-json\/wp\/v2\/users\/2"}],"replies":[{"embeddable":true,"href":"https:\/\/www.sudoestehoje.com.br\/novoportal\/wp-json\/wp\/v2\/comments?post=94835"}],"version-history":[{"count":1,"href":"https:\/\/www.sudoestehoje.com.br\/novoportal\/wp-json\/wp\/v2\/posts\/94835\/revisions"}],"predecessor-version":[{"id":94838,"href":"https:\/\/www.sudoestehoje.com.br\/novoportal\/wp-json\/wp\/v2\/posts\/94835\/revisions\/94838"}],"wp:featuredmedia":[{"embeddable":true,"href":"https:\/\/www.sudoestehoje.com.br\/novoportal\/wp-json\/wp\/v2\/media\/94836"}],"wp:attachment":[{"href":"https:\/\/www.sudoestehoje.com.br\/novoportal\/wp-json\/wp\/v2\/media?parent=94835"}],"wp:term":[{"taxonomy":"category","embeddable":true,"href":"https:\/\/www.sudoestehoje.com.br\/novoportal\/wp-json\/wp\/v2\/categories?post=94835"},{"taxonomy":"post_tag","embeddable":true,"href":"https:\/\/www.sudoestehoje.com.br\/novoportal\/wp-json\/wp\/v2\/tags?post=94835"}],"curies":[{"name":"wp","href":"https:\/\/api.w.org\/{rel}","templated":true}]}}