
{"id":94831,"date":"2021-05-15T00:25:43","date_gmt":"2021-05-15T03:25:43","guid":{"rendered":"https:\/\/www.sudoestehoje.com.br\/novoportal\/?p=94831"},"modified":"2021-05-15T00:25:43","modified_gmt":"2021-05-15T03:25:43","slug":"rui-anuncia-mudanca-do-secretariado-neste-sabado-pdt-fica-fora-do-governo","status":"publish","type":"post","link":"https:\/\/www.sudoestehoje.com.br\/novoportal\/2021\/05\/15\/rui-anuncia-mudanca-do-secretariado-neste-sabado-pdt-fica-fora-do-governo\/","title":{"rendered":"RUI ANUNCIA MUDAN\u00c7A DO SECRETARIADO NESTE S\u00c1BADO; PDT FICA FORA DO GOVERNO"},"content":{"rendered":"<p><a href=\"https:\/\/www.sudoestehoje.com.br\/novoportal\/wp-content\/uploads\/2021\/05\/LUCAS-E-FELIX.jpg\"><img loading=\"lazy\" decoding=\"async\" class=\"aligncenter size-medium wp-image-94833\" src=\"https:\/\/www.sudoestehoje.com.br\/novoportal\/wp-content\/uploads\/2021\/05\/LUCAS-E-FELIX-500x333.jpg\" alt=\"\" width=\"500\" height=\"333\" srcset=\"https:\/\/www.sudoestehoje.com.br\/novoportal\/wp-content\/uploads\/2021\/05\/LUCAS-E-FELIX-500x333.jpg 500w, https:\/\/www.sudoestehoje.com.br\/novoportal\/wp-content\/uploads\/2021\/05\/LUCAS-E-FELIX.jpg 512w\" sizes=\"auto, (max-width: 500px) 100vw, 500px\" \/><\/a><\/p>\n<p>O governador Rui Costa (PT) afirmou que novas mudan\u00e7as em seu secretariado devem acontecer no s\u00e1bado (15). Durante entrevista coletiva na manh\u00e3 desta sexta-feira, o petista confirmou que o PDT estar\u00e1 fora de sua gest\u00e3o.<\/p>\n<p>A Secretaria de Agricultura, Pecu\u00e1ria, Irriga\u00e7\u00e3o, Pesca e Agricultura (Seagri), deve trocar o seu titular <em><strong>Lucas Costa<\/strong><\/em>, nome indicado pelos trabalhistas. A presidente da Junta Comercial da Bahia (Juceb), Andr\u00e9a Mendon\u00e7a, irm\u00e3 do deputado federal e presidente da sigla na Bahia, F\u00e9lix Mendon\u00e7a Jr., tamb\u00e9m deve deixar o cargo.<\/p>\n<p>As mudan\u00e7as foram motivadas pela alian\u00e7a do PDT com o grupo pol\u00edtico liderado por ACM Neto (DEM). A sigla hoje ocupa a vice-prefeitura de Salvador, al\u00e9m das Secretarias de Sa\u00fade e de Governo.<\/p>\n<p>A expectativa tamb\u00e9m gira em torno da poss\u00edvel exonera\u00e7\u00e3o do secret\u00e1rio do Turismo, Fausto Franco, nome indicado pelo PL, que tamb\u00e9m mudou de lado e agora segue o projeto pol\u00edtico do ex-prefeito da capital.<\/p>\n","protected":false},"excerpt":{"rendered":"<p>O governador Rui Costa (PT) afirmou que novas mudan\u00e7as em seu secretariado devem acontecer no s\u00e1bado (15). Durante entrevista coletiva na manh\u00e3 desta sexta-feira, o petista confirmou que o PDT estar\u00e1 fora de sua gest\u00e3o. A Secretaria de Agricultura, Pecu\u00e1ria, Irriga\u00e7\u00e3o, Pesca e Agricultura (Seagri), deve trocar o seu titular Lucas Costa, nome indicado pelos [&hellip;]<\/p>\n","protected":false},"author":2,"featured_media":94833,"comment_status":"open","ping_status":"open","sticky":false,"template":"","format":"standard","meta":{"footnotes":"","_links_to":"","_links_to_target":""},"categories":[1],"tags":[],"class_list":["post-94831","post","type-post","status-publish","format-standard","has-post-thumbnail","hentry","category-geral"],"views":915,"_links":{"self":[{"href":"https:\/\/www.sudoestehoje.com.br\/novoportal\/wp-json\/wp\/v2\/posts\/94831","targetHints":{"allow":["GET"]}}],"collection":[{"href":"https:\/\/www.sudoestehoje.com.br\/novoportal\/wp-json\/wp\/v2\/posts"}],"about":[{"href":"https:\/\/www.sudoestehoje.com.br\/novoportal\/wp-json\/wp\/v2\/types\/post"}],"author":[{"embeddable":true,"href":"https:\/\/www.sudoestehoje.com.br\/novoportal\/wp-json\/wp\/v2\/users\/2"}],"replies":[{"embeddable":true,"href":"https:\/\/www.sudoestehoje.com.br\/novoportal\/wp-json\/wp\/v2\/comments?post=94831"}],"version-history":[{"count":2,"href":"https:\/\/www.sudoestehoje.com.br\/novoportal\/wp-json\/wp\/v2\/posts\/94831\/revisions"}],"predecessor-version":[{"id":94834,"href":"https:\/\/www.sudoestehoje.com.br\/novoportal\/wp-json\/wp\/v2\/posts\/94831\/revisions\/94834"}],"wp:featuredmedia":[{"embeddable":true,"href":"https:\/\/www.sudoestehoje.com.br\/novoportal\/wp-json\/wp\/v2\/media\/94833"}],"wp:attachment":[{"href":"https:\/\/www.sudoestehoje.com.br\/novoportal\/wp-json\/wp\/v2\/media?parent=94831"}],"wp:term":[{"taxonomy":"category","embeddable":true,"href":"https:\/\/www.sudoestehoje.com.br\/novoportal\/wp-json\/wp\/v2\/categories?post=94831"},{"taxonomy":"post_tag","embeddable":true,"href":"https:\/\/www.sudoestehoje.com.br\/novoportal\/wp-json\/wp\/v2\/tags?post=94831"}],"curies":[{"name":"wp","href":"https:\/\/api.w.org\/{rel}","templated":true}]}}