
{"id":94825,"date":"2021-05-14T21:45:58","date_gmt":"2021-05-15T00:45:58","guid":{"rendered":"https:\/\/www.sudoestehoje.com.br\/novoportal\/?p=94825"},"modified":"2021-05-14T21:45:58","modified_gmt":"2021-05-15T00:45:58","slug":"stf-decide-que-servidores-aposentados-nao-podem-continuar-trabalhando-em-prefeitura","status":"publish","type":"post","link":"https:\/\/www.sudoestehoje.com.br\/novoportal\/2021\/05\/14\/stf-decide-que-servidores-aposentados-nao-podem-continuar-trabalhando-em-prefeitura\/","title":{"rendered":"STF DECIDE QUE SERVIDORES APOSENTADOS N\u00c3O PODEM CONTINUAR TRABALHANDO EM PREFEITURA"},"content":{"rendered":"<p><a href=\"https:\/\/www.sudoestehoje.com.br\/novoportal\/wp-content\/uploads\/2021\/05\/Plen\u00e1rio-do-Supremo-Tribunal-Federal-Foto-Nelson-Jr-SCO-STF-1.jpg\"><img loading=\"lazy\" decoding=\"async\" class=\"aligncenter size-medium wp-image-94827\" src=\"https:\/\/www.sudoestehoje.com.br\/novoportal\/wp-content\/uploads\/2021\/05\/Plen\u00e1rio-do-Supremo-Tribunal-Federal-Foto-Nelson-Jr-SCO-STF-1-500x281.jpg\" alt=\"\" width=\"500\" height=\"281\" srcset=\"https:\/\/www.sudoestehoje.com.br\/novoportal\/wp-content\/uploads\/2021\/05\/Plen\u00e1rio-do-Supremo-Tribunal-Federal-Foto-Nelson-Jr-SCO-STF-1-500x281.jpg 500w, https:\/\/www.sudoestehoje.com.br\/novoportal\/wp-content\/uploads\/2021\/05\/Plen\u00e1rio-do-Supremo-Tribunal-Federal-Foto-Nelson-Jr-SCO-STF-1-700x394.jpg 700w, https:\/\/www.sudoestehoje.com.br\/novoportal\/wp-content\/uploads\/2021\/05\/Plen\u00e1rio-do-Supremo-Tribunal-Federal-Foto-Nelson-Jr-SCO-STF-1-768x432.jpg 768w, https:\/\/www.sudoestehoje.com.br\/novoportal\/wp-content\/uploads\/2021\/05\/Plen\u00e1rio-do-Supremo-Tribunal-Federal-Foto-Nelson-Jr-SCO-STF-1-1536x864.jpg 1536w, https:\/\/www.sudoestehoje.com.br\/novoportal\/wp-content\/uploads\/2021\/05\/Plen\u00e1rio-do-Supremo-Tribunal-Federal-Foto-Nelson-Jr-SCO-STF-1.jpg 1600w\" sizes=\"auto, (max-width: 500px) 100vw, 500px\" \/><\/a><\/p>\n<p>O Presidente do STF, Luiz Fux concedeu uma decis\u00e3o importante para prefeitos com limites de pessoal acima do permitido pela Lei de Responsabilidade Fiscal.<\/p>\n<p>Os servidores aposentados do Munic\u00edpio de Mascote pretendiam continuar exercendo o cargo p\u00fablico, mesmo ap\u00f3s aposentados. Em mandado de seguran\u00e7a em primeira inst\u00e2ncia teve seu pleito indeferido liminarmente, agravaram da decis\u00e3o ao TJ BA e conseguiram uma liminar para permanecer nos cargos.<\/p>\n<p>A procuradoria do munic\u00edpio, por meio do Procurador Geral Dr. Lelio Furtado, ajuizou um pedido de Suspens\u00e3o de liminar junto ao STF o que foi deferido pelo Ministro Luiz Fux, tornando sem efeito a decis\u00e3o do TJ BA.<\/p>\n<p>A decis\u00e3o abre precedente para que outros munic\u00edpios adotem a medida de demitir servidores j\u00e1 aposentados, aliviando a folha de pessoal e adequando os gastos \u00e0s exig\u00eancias da Lei de Responsabilidade Fiscal. <em>\/\/Informa\u00e7\u00f5es do Pol\u00edticos do Sul da Bahia<\/em><\/p>\n","protected":false},"excerpt":{"rendered":"<p>O Presidente do STF, Luiz Fux concedeu uma decis\u00e3o importante para prefeitos com limites de pessoal acima do permitido pela Lei de Responsabilidade Fiscal. Os servidores aposentados do Munic\u00edpio de Mascote pretendiam continuar exercendo o cargo p\u00fablico, mesmo ap\u00f3s aposentados. Em mandado de seguran\u00e7a em primeira inst\u00e2ncia teve seu pleito indeferido liminarmente, agravaram da decis\u00e3o [&hellip;]<\/p>\n","protected":false},"author":2,"featured_media":94827,"comment_status":"open","ping_status":"open","sticky":false,"template":"","format":"standard","meta":{"footnotes":"","_links_to":"","_links_to_target":""},"categories":[1],"tags":[],"class_list":["post-94825","post","type-post","status-publish","format-standard","has-post-thumbnail","hentry","category-geral"],"views":2063,"_links":{"self":[{"href":"https:\/\/www.sudoestehoje.com.br\/novoportal\/wp-json\/wp\/v2\/posts\/94825","targetHints":{"allow":["GET"]}}],"collection":[{"href":"https:\/\/www.sudoestehoje.com.br\/novoportal\/wp-json\/wp\/v2\/posts"}],"about":[{"href":"https:\/\/www.sudoestehoje.com.br\/novoportal\/wp-json\/wp\/v2\/types\/post"}],"author":[{"embeddable":true,"href":"https:\/\/www.sudoestehoje.com.br\/novoportal\/wp-json\/wp\/v2\/users\/2"}],"replies":[{"embeddable":true,"href":"https:\/\/www.sudoestehoje.com.br\/novoportal\/wp-json\/wp\/v2\/comments?post=94825"}],"version-history":[{"count":2,"href":"https:\/\/www.sudoestehoje.com.br\/novoportal\/wp-json\/wp\/v2\/posts\/94825\/revisions"}],"predecessor-version":[{"id":94828,"href":"https:\/\/www.sudoestehoje.com.br\/novoportal\/wp-json\/wp\/v2\/posts\/94825\/revisions\/94828"}],"wp:featuredmedia":[{"embeddable":true,"href":"https:\/\/www.sudoestehoje.com.br\/novoportal\/wp-json\/wp\/v2\/media\/94827"}],"wp:attachment":[{"href":"https:\/\/www.sudoestehoje.com.br\/novoportal\/wp-json\/wp\/v2\/media?parent=94825"}],"wp:term":[{"taxonomy":"category","embeddable":true,"href":"https:\/\/www.sudoestehoje.com.br\/novoportal\/wp-json\/wp\/v2\/categories?post=94825"},{"taxonomy":"post_tag","embeddable":true,"href":"https:\/\/www.sudoestehoje.com.br\/novoportal\/wp-json\/wp\/v2\/tags?post=94825"}],"curies":[{"name":"wp","href":"https:\/\/api.w.org\/{rel}","templated":true}]}}