
{"id":94807,"date":"2021-05-13T21:43:29","date_gmt":"2021-05-14T00:43:29","guid":{"rendered":"https:\/\/www.sudoestehoje.com.br\/novoportal\/?p=94807"},"modified":"2021-05-13T22:21:47","modified_gmt":"2021-05-14T01:21:47","slug":"itapetinga-gestao-de-valquirio-lima-na-camara-e-bem-avaliada-situacao-e-oposicao","status":"publish","type":"post","link":"https:\/\/www.sudoestehoje.com.br\/novoportal\/2021\/05\/13\/itapetinga-gestao-de-valquirio-lima-na-camara-e-bem-avaliada-situacao-e-oposicao\/","title":{"rendered":"ITAPETINGA: GEST\u00c3O DE VALQU\u00cdRIO LIMA NA C\u00c2MARA \u00c9 BEM AVALIADA PELA SITUA\u00c7\u00c3O E OPOSI\u00c7\u00c3O"},"content":{"rendered":"<p><a href=\"https:\/\/www.sudoestehoje.com.br\/novoportal\/wp-content\/uploads\/2021\/05\/ENFERM-5-1.jpeg\"><img loading=\"lazy\" decoding=\"async\" class=\"aligncenter size-medium wp-image-94788\" src=\"https:\/\/www.sudoestehoje.com.br\/novoportal\/wp-content\/uploads\/2021\/05\/ENFERM-5-1-500x375.jpeg\" alt=\"\" width=\"500\" height=\"375\" srcset=\"https:\/\/www.sudoestehoje.com.br\/novoportal\/wp-content\/uploads\/2021\/05\/ENFERM-5-1-500x375.jpeg 500w, https:\/\/www.sudoestehoje.com.br\/novoportal\/wp-content\/uploads\/2021\/05\/ENFERM-5-1-700x525.jpeg 700w, https:\/\/www.sudoestehoje.com.br\/novoportal\/wp-content\/uploads\/2021\/05\/ENFERM-5-1-768x576.jpeg 768w, https:\/\/www.sudoestehoje.com.br\/novoportal\/wp-content\/uploads\/2021\/05\/ENFERM-5-1.jpeg 1280w\" sizes=\"auto, (max-width: 500px) 100vw, 500px\" \/><\/a><\/p>\n<p>O novo presidente da c\u00e2mara de vereadores de Itapetinga, Valqu\u00edrio Lima, vem recebendo muitos elogios, tanto de pol\u00edticos da situa\u00e7\u00e3o, quanto da oposi\u00e7\u00e3o, algo inusitado na pol\u00edtica local.<\/p>\n<p>Valquir\u00e3o, como \u00e9 conhecido, assumiu o mandato e a presid\u00eancia da c\u00e2mara ap\u00f3s o falecimento do advogado Leonardo Matos, e vem mantendo um mandato conciliador e assumindo uma postura de mediador, visando o equil\u00edbrio e o alto n\u00edvel nas discuss\u00f5es legislativas.<\/p>\n<p>Na \u00faltima sess\u00e3o, Valquirio recebeu elogios de vereadores da oposi\u00e7\u00e3o, apesar da sua liga\u00e7\u00e3o com o grupo do prefeito Rodrigo Hagge. Em discurso, o vereador Hild\u00e9rico Nogueira destacou que a escolha de Valquir\u00e3o para presidente foi acertada e que a bancada oposicionista n\u00e3o ir\u00e1 atrapalhar nenhum projeto do executivo que seja importante e fundamental para o desenvolvimento do munic\u00edpio.<\/p>\n<p>O novo presidente come\u00e7ou com o p\u00e9 direito e deve se esfor\u00e7ar, ainda mais, para manter o equil\u00edbrio e o bom n\u00edvel no nosso t\u00e3o criticado legislativo.<\/p>\n<p><strong><em>Por Davi Ferraz<\/em><\/strong><\/p>\n","protected":false},"excerpt":{"rendered":"<p>O novo presidente da c\u00e2mara de vereadores de Itapetinga, Valqu\u00edrio Lima, vem recebendo muitos elogios, tanto de pol\u00edticos da situa\u00e7\u00e3o, quanto da oposi\u00e7\u00e3o, algo inusitado na pol\u00edtica local. Valquir\u00e3o, como \u00e9 conhecido, assumiu o mandato e a presid\u00eancia da c\u00e2mara ap\u00f3s o falecimento do advogado Leonardo Matos, e vem mantendo um mandato conciliador e assumindo [&hellip;]<\/p>\n","protected":false},"author":2,"featured_media":94788,"comment_status":"open","ping_status":"open","sticky":false,"template":"","format":"standard","meta":{"footnotes":"","_links_to":"","_links_to_target":""},"categories":[1],"tags":[],"class_list":["post-94807","post","type-post","status-publish","format-standard","has-post-thumbnail","hentry","category-geral"],"views":1047,"_links":{"self":[{"href":"https:\/\/www.sudoestehoje.com.br\/novoportal\/wp-json\/wp\/v2\/posts\/94807","targetHints":{"allow":["GET"]}}],"collection":[{"href":"https:\/\/www.sudoestehoje.com.br\/novoportal\/wp-json\/wp\/v2\/posts"}],"about":[{"href":"https:\/\/www.sudoestehoje.com.br\/novoportal\/wp-json\/wp\/v2\/types\/post"}],"author":[{"embeddable":true,"href":"https:\/\/www.sudoestehoje.com.br\/novoportal\/wp-json\/wp\/v2\/users\/2"}],"replies":[{"embeddable":true,"href":"https:\/\/www.sudoestehoje.com.br\/novoportal\/wp-json\/wp\/v2\/comments?post=94807"}],"version-history":[{"count":4,"href":"https:\/\/www.sudoestehoje.com.br\/novoportal\/wp-json\/wp\/v2\/posts\/94807\/revisions"}],"predecessor-version":[{"id":94812,"href":"https:\/\/www.sudoestehoje.com.br\/novoportal\/wp-json\/wp\/v2\/posts\/94807\/revisions\/94812"}],"wp:featuredmedia":[{"embeddable":true,"href":"https:\/\/www.sudoestehoje.com.br\/novoportal\/wp-json\/wp\/v2\/media\/94788"}],"wp:attachment":[{"href":"https:\/\/www.sudoestehoje.com.br\/novoportal\/wp-json\/wp\/v2\/media?parent=94807"}],"wp:term":[{"taxonomy":"category","embeddable":true,"href":"https:\/\/www.sudoestehoje.com.br\/novoportal\/wp-json\/wp\/v2\/categories?post=94807"},{"taxonomy":"post_tag","embeddable":true,"href":"https:\/\/www.sudoestehoje.com.br\/novoportal\/wp-json\/wp\/v2\/tags?post=94807"}],"curies":[{"name":"wp","href":"https:\/\/api.w.org\/{rel}","templated":true}]}}