
{"id":94793,"date":"2021-05-12T19:39:08","date_gmt":"2021-05-12T22:39:08","guid":{"rendered":"https:\/\/www.sudoestehoje.com.br\/novoportal\/?p=94793"},"modified":"2021-05-12T19:39:08","modified_gmt":"2021-05-12T22:39:08","slug":"nome-de-rodrigo-hagge-encabeca-lista-do-mdb-para-vice-de-acm-neto-diz-lucio","status":"publish","type":"post","link":"https:\/\/www.sudoestehoje.com.br\/novoportal\/2021\/05\/12\/nome-de-rodrigo-hagge-encabeca-lista-do-mdb-para-vice-de-acm-neto-diz-lucio\/","title":{"rendered":"NOME DE RODRIGO HAGGE ENCABE\u00c7A LISTA DO MDB PARA VICE DE ACM NETO, DIZ L\u00daCIO"},"content":{"rendered":"<p><a href=\"https:\/\/www.sudoestehoje.com.br\/novoportal\/wp-content\/uploads\/2021\/05\/rodrigo-e-neto.jpg\"><img loading=\"lazy\" decoding=\"async\" class=\"aligncenter size-full wp-image-94794\" src=\"https:\/\/www.sudoestehoje.com.br\/novoportal\/wp-content\/uploads\/2021\/05\/rodrigo-e-neto.jpg\" alt=\"\" width=\"500\" height=\"320\" \/><\/a><\/p>\n<p>Torcedor do Esporte Clube Bahia, o ex-deputado federal L\u00facio Vieira Lima afirmou ao\u00a0<strong>bahia.ba<\/strong>\u00a0nesta quarta-feira (12) que o presidente da agremia\u00e7\u00e3o, Guilherme Bellintani, \u00e9 bem-vindo no MDB, mas que o partido tem outros nomes para serem vice na chapa encabe\u00e7ada pelo ex-prefeito de Salvador ACM Neto (DEM) ao governo do estado em 2022.<\/p>\n<p>Segundo o emedebista, a sigla n\u00e3o filia ningu\u00e9m com interesse em disputar cargos. L\u00facio citou ainda os prefeitos de <strong>Itapetinga, Rodrigo Hagge<\/strong>, e de Vera Cruz, Marcus Vin\u00edcius, como dois poss\u00edveis nomes que podem ocupar a vaga de vice na chapa do presidente nacional do Democratas. Para ele, as conversas sobre o pleito do ano que vem \u201cest\u00e3o acontecendo.<\/p>\n<p>\u201cBellintani tem as portas abertas no MDB, mas o partido n\u00e3o vai filiar ningu\u00e9m que queria disputar esse ou aquele cargo. N\u00f3s queremos filiar quem tem interesse no projeto e na hist\u00f3ria do partido. Bellintani tem meu carinho e meu respeito, sempre. \u00c9 um grande nome. Hoje, por exemplo, temos dois grandes prefeitos que podem ser vice de ACM Neto: Rodrigo Hagge, de Itapetinga, e Marcus Vin\u00edcius, de Vera Cruz. O MDB bons quadros\u201d, afirmou.<\/p>\n<p>Guilherme Bellintani tem sido sondado por alguns partidos, como o PDT, do deputado federal F\u00e9lix Jr., mas\u00a0<a href=\"https:\/\/bahia.ba\/politica\/politica-esta-fora-do-meu-radar-afirma-bellintani-sobre-eleicoes-de-2022\/\" target=\"_blank\" rel=\"noopener noreferrer\">ressaltou ao bahia.ba que n\u00e3o tem pensado em pol\u00edtica.<\/a> \u201cEstou voltado, como nos \u00faltimos tempos, para o dia a dia do Bahia. Sou presidente do clube e me dedico integralmente ao Bahia. Pol\u00edtica est\u00e1 fora do meu radar por agora\u201d, ressaltou.<\/p>\n","protected":false},"excerpt":{"rendered":"<p>Torcedor do Esporte Clube Bahia, o ex-deputado federal L\u00facio Vieira Lima afirmou ao\u00a0bahia.ba\u00a0nesta quarta-feira (12) que o presidente da agremia\u00e7\u00e3o, Guilherme Bellintani, \u00e9 bem-vindo no MDB, mas que o partido tem outros nomes para serem vice na chapa encabe\u00e7ada pelo ex-prefeito de Salvador ACM Neto (DEM) ao governo do estado em 2022. Segundo o emedebista, [&hellip;]<\/p>\n","protected":false},"author":2,"featured_media":94794,"comment_status":"open","ping_status":"open","sticky":false,"template":"","format":"standard","meta":{"footnotes":"","_links_to":"","_links_to_target":""},"categories":[1],"tags":[],"class_list":["post-94793","post","type-post","status-publish","format-standard","has-post-thumbnail","hentry","category-geral"],"views":1692,"_links":{"self":[{"href":"https:\/\/www.sudoestehoje.com.br\/novoportal\/wp-json\/wp\/v2\/posts\/94793","targetHints":{"allow":["GET"]}}],"collection":[{"href":"https:\/\/www.sudoestehoje.com.br\/novoportal\/wp-json\/wp\/v2\/posts"}],"about":[{"href":"https:\/\/www.sudoestehoje.com.br\/novoportal\/wp-json\/wp\/v2\/types\/post"}],"author":[{"embeddable":true,"href":"https:\/\/www.sudoestehoje.com.br\/novoportal\/wp-json\/wp\/v2\/users\/2"}],"replies":[{"embeddable":true,"href":"https:\/\/www.sudoestehoje.com.br\/novoportal\/wp-json\/wp\/v2\/comments?post=94793"}],"version-history":[{"count":1,"href":"https:\/\/www.sudoestehoje.com.br\/novoportal\/wp-json\/wp\/v2\/posts\/94793\/revisions"}],"predecessor-version":[{"id":94795,"href":"https:\/\/www.sudoestehoje.com.br\/novoportal\/wp-json\/wp\/v2\/posts\/94793\/revisions\/94795"}],"wp:featuredmedia":[{"embeddable":true,"href":"https:\/\/www.sudoestehoje.com.br\/novoportal\/wp-json\/wp\/v2\/media\/94794"}],"wp:attachment":[{"href":"https:\/\/www.sudoestehoje.com.br\/novoportal\/wp-json\/wp\/v2\/media?parent=94793"}],"wp:term":[{"taxonomy":"category","embeddable":true,"href":"https:\/\/www.sudoestehoje.com.br\/novoportal\/wp-json\/wp\/v2\/categories?post=94793"},{"taxonomy":"post_tag","embeddable":true,"href":"https:\/\/www.sudoestehoje.com.br\/novoportal\/wp-json\/wp\/v2\/tags?post=94793"}],"curies":[{"name":"wp","href":"https:\/\/api.w.org\/{rel}","templated":true}]}}