
{"id":94781,"date":"2021-05-12T19:24:38","date_gmt":"2021-05-12T22:24:38","guid":{"rendered":"https:\/\/www.sudoestehoje.com.br\/novoportal\/?p=94781"},"modified":"2021-05-12T19:56:56","modified_gmt":"2021-05-12T22:56:56","slug":"itapetinga-camara-realiza-sessao-especial-do-dia-da-enfermagem-com-sucesso","status":"publish","type":"post","link":"https:\/\/www.sudoestehoje.com.br\/novoportal\/2021\/05\/12\/itapetinga-camara-realiza-sessao-especial-do-dia-da-enfermagem-com-sucesso\/","title":{"rendered":"ITAPETINGA: C\u00c2MARA REALIZA SESS\u00c3O ESPECIAL DO &#8216;DIA DA ENFERMAGEM&#8217; COM SUCESSO"},"content":{"rendered":"<p><a href=\"https:\/\/www.sudoestehoje.com.br\/novoportal\/wp-content\/uploads\/2021\/05\/ENFERM-1.jpeg\"><img loading=\"lazy\" decoding=\"async\" class=\"aligncenter size-medium wp-image-94782\" src=\"https:\/\/www.sudoestehoje.com.br\/novoportal\/wp-content\/uploads\/2021\/05\/ENFERM-1-500x385.jpeg\" alt=\"\" width=\"500\" height=\"385\" srcset=\"https:\/\/www.sudoestehoje.com.br\/novoportal\/wp-content\/uploads\/2021\/05\/ENFERM-1-500x385.jpeg 500w, https:\/\/www.sudoestehoje.com.br\/novoportal\/wp-content\/uploads\/2021\/05\/ENFERM-1-700x539.jpeg 700w, https:\/\/www.sudoestehoje.com.br\/novoportal\/wp-content\/uploads\/2021\/05\/ENFERM-1-768x591.jpeg 768w, https:\/\/www.sudoestehoje.com.br\/novoportal\/wp-content\/uploads\/2021\/05\/ENFERM-1.jpeg 1280w\" sizes=\"auto, (max-width: 500px) 100vw, 500px\" \/><\/a><\/p>\n<p>Para comemorar o Dia Internacional da Enfermagem e do Enfermeiro, a C\u00e2mara Municipal de Itapetinga realizou uma sess\u00e3o especial nesta quarta-feira (12). A iniciativa foi da vereadora Manu Brand\u00e3o (MDB).<\/p>\n<p>De acordo com Manu Brand\u00e3o, a sess\u00e3o especial teve como objetivo prestar homenagem a essa classe importante para a sociedade e, ao mesmo tempo, reivindicar apoio para o Projeto de Lei 2564\/2020, que est\u00e1 em tramita\u00e7\u00e3o no Congresso e fixa piso salarial para os enfermeiros.<\/p>\n<p><a href=\"https:\/\/www.sudoestehoje.com.br\/novoportal\/wp-content\/uploads\/2021\/05\/ENFERM-4.jpeg\"><img loading=\"lazy\" decoding=\"async\" class=\"aligncenter size-medium wp-image-94786\" src=\"https:\/\/www.sudoestehoje.com.br\/novoportal\/wp-content\/uploads\/2021\/05\/ENFERM-4-500x375.jpeg\" alt=\"\" width=\"500\" height=\"375\" srcset=\"https:\/\/www.sudoestehoje.com.br\/novoportal\/wp-content\/uploads\/2021\/05\/ENFERM-4-500x375.jpeg 500w, https:\/\/www.sudoestehoje.com.br\/novoportal\/wp-content\/uploads\/2021\/05\/ENFERM-4-700x525.jpeg 700w, https:\/\/www.sudoestehoje.com.br\/novoportal\/wp-content\/uploads\/2021\/05\/ENFERM-4-768x576.jpeg 768w, https:\/\/www.sudoestehoje.com.br\/novoportal\/wp-content\/uploads\/2021\/05\/ENFERM-4.jpeg 1280w\" sizes=\"auto, (max-width: 500px) 100vw, 500px\" \/><\/a><\/p>\n<p>A mesa solene contou com a participa\u00e7\u00e3o de B\u00e1rbara Matos, coordenadora da Funda\u00e7\u00e3o Jos\u00e9 Silveira; do secret\u00e1rio municipal de Sa\u00fade, Hugo Sousa; de Jos\u00e9 Mauro; do t\u00e9cnico de enfermagem Sandoval Rocha e da enfermeira Ivelise Ferraz.<\/p>\n<p><em>\u201cQue isso seja para sempre, essa luta, esse engajamento, para que sejamos, sim, de fato e de direito, reconhecidos e valorizados como merecemos ser\u201d<\/em>, afirmou B\u00e1rbara Matos.<\/p>\n<p><a href=\"https:\/\/www.sudoestehoje.com.br\/novoportal\/wp-content\/uploads\/2021\/05\/ENFERM-5-1.jpeg\"><img loading=\"lazy\" decoding=\"async\" class=\"aligncenter size-medium wp-image-94788\" src=\"https:\/\/www.sudoestehoje.com.br\/novoportal\/wp-content\/uploads\/2021\/05\/ENFERM-5-1-500x375.jpeg\" alt=\"\" width=\"500\" height=\"375\" srcset=\"https:\/\/www.sudoestehoje.com.br\/novoportal\/wp-content\/uploads\/2021\/05\/ENFERM-5-1-500x375.jpeg 500w, https:\/\/www.sudoestehoje.com.br\/novoportal\/wp-content\/uploads\/2021\/05\/ENFERM-5-1-700x525.jpeg 700w, https:\/\/www.sudoestehoje.com.br\/novoportal\/wp-content\/uploads\/2021\/05\/ENFERM-5-1-768x576.jpeg 768w, https:\/\/www.sudoestehoje.com.br\/novoportal\/wp-content\/uploads\/2021\/05\/ENFERM-5-1.jpeg 1280w\" sizes=\"auto, (max-width: 500px) 100vw, 500px\" \/><\/a><\/p>\n<p>O secret\u00e1rio de Sa\u00fade Hugo Sousa destacou a import\u00e2ncia da categoria na linha de frente da pandemia da Covid-19.\u00a0<em>\u201cSem voc\u00eas, nada do que o Brasil tem feito, nada do que Itapetinga tem feito teria sido poss\u00edvel\u201d<\/em>, declarou.<\/p>\n<p>O t\u00e9cnico de enfermagem Sandoval Rocha falou sobre a luta da categoria e enalteceu a fun\u00e7\u00e3o da enfermagem na sociedade.\u00a0<em>\u201cPorque a enfermagem n\u00e3o dorme, a enfermagem n\u00e3o para, a enfermagem n\u00e3o tem recesso\u201d<\/em>, ressaltou.<\/p>\n<p><a href=\"https:\/\/www.sudoestehoje.com.br\/novoportal\/wp-content\/uploads\/2021\/05\/ENFERM-3.jpeg\"><img loading=\"lazy\" decoding=\"async\" class=\"aligncenter size-medium wp-image-94785\" src=\"https:\/\/www.sudoestehoje.com.br\/novoportal\/wp-content\/uploads\/2021\/05\/ENFERM-3-500x375.jpeg\" alt=\"\" width=\"500\" height=\"375\" srcset=\"https:\/\/www.sudoestehoje.com.br\/novoportal\/wp-content\/uploads\/2021\/05\/ENFERM-3-500x375.jpeg 500w, https:\/\/www.sudoestehoje.com.br\/novoportal\/wp-content\/uploads\/2021\/05\/ENFERM-3-700x525.jpeg 700w, https:\/\/www.sudoestehoje.com.br\/novoportal\/wp-content\/uploads\/2021\/05\/ENFERM-3-768x576.jpeg 768w, https:\/\/www.sudoestehoje.com.br\/novoportal\/wp-content\/uploads\/2021\/05\/ENFERM-3.jpeg 1280w\" sizes=\"auto, (max-width: 500px) 100vw, 500px\" \/><\/a><\/p>\n<p><em>\u201cA nossa valoriza\u00e7\u00e3o n\u00e3o vem s\u00f3 da nossa carga hor\u00e1ria, n\u00e3o s\u00f3 da quest\u00e3o de um piso salarial, mas a valoriza\u00e7\u00e3o da enfermagem vem quando a gente v\u00ea a forma como a gente trata um paciente, da forma como n\u00f3s somos tratados pelos nossos colegas e nossos gestores\u201d<\/em>, comentou a enfermeira Ivelise Ferraz.<\/p>\n\n\t\t<style type=\"text\/css\">\n\t\t\t#gallery-1 {\n\t\t\t\tmargin: auto;\n\t\t\t}\n\t\t\t#gallery-1 .gallery-item {\n\t\t\t\tfloat: left;\n\t\t\t\tmargin-top: 10px;\n\t\t\t\ttext-align: center;\n\t\t\t\twidth: 33%;\n\t\t\t}\n\t\t\t#gallery-1 img {\n\t\t\t\tborder: 2px solid #cfcfcf;\n\t\t\t}\n\t\t\t#gallery-1 .gallery-caption {\n\t\t\t\tmargin-left: 0;\n\t\t\t}\n\t\t\t\/* see gallery_shortcode() in wp-includes\/media.php *\/\n\t\t<\/style>\n\t\t<div id='gallery-1' class='gallery galleryid-94781 gallery-columns-3 gallery-size-thumbnail'><dl class='gallery-item'>\n\t\t\t<dt class='gallery-icon landscape'>\n\t\t\t\t<a href='https:\/\/www.sudoestehoje.com.br\/novoportal\/2021\/05\/12\/itapetinga-camara-realiza-sessao-especial-do-dia-da-enfermagem-com-sucesso\/enferm-6\/'><img loading=\"lazy\" decoding=\"async\" width=\"150\" height=\"150\" src=\"https:\/\/www.sudoestehoje.com.br\/novoportal\/wp-content\/uploads\/2021\/05\/ENFERM-6-150x150.jpeg\" class=\"attachment-thumbnail size-thumbnail\" alt=\"\" \/><\/a>\n\t\t\t<\/dt><\/dl><dl class='gallery-item'>\n\t\t\t<dt class='gallery-icon landscape'>\n\t\t\t\t<a href='https:\/\/www.sudoestehoje.com.br\/novoportal\/2021\/05\/12\/itapetinga-camara-realiza-sessao-especial-do-dia-da-enfermagem-com-sucesso\/enferm-7\/'><img loading=\"lazy\" decoding=\"async\" width=\"150\" height=\"150\" src=\"https:\/\/www.sudoestehoje.com.br\/novoportal\/wp-content\/uploads\/2021\/05\/ENFERM-7-150x150.jpeg\" class=\"attachment-thumbnail size-thumbnail\" alt=\"\" \/><\/a>\n\t\t\t<\/dt><\/dl><dl class='gallery-item'>\n\t\t\t<dt class='gallery-icon landscape'>\n\t\t\t\t<a href='https:\/\/www.sudoestehoje.com.br\/novoportal\/2021\/05\/12\/itapetinga-camara-realiza-sessao-especial-do-dia-da-enfermagem-com-sucesso\/enferm-4\/'><img loading=\"lazy\" decoding=\"async\" width=\"150\" height=\"150\" src=\"https:\/\/www.sudoestehoje.com.br\/novoportal\/wp-content\/uploads\/2021\/05\/ENFERM-4-150x150.jpeg\" class=\"attachment-thumbnail size-thumbnail\" alt=\"\" \/><\/a>\n\t\t\t<\/dt><\/dl><br style=\"clear: both\" \/>\n\t\t<\/div>\n\n<p><!--more--><\/p>\n<p><strong>Documentos aprovados<\/strong><\/p>\n<p>Antes de ser transformada em sess\u00e3o especial, os vereadores aprovaram em sess\u00e3o ordin\u00e1ria uma indica\u00e7\u00e3o e uma mo\u00e7\u00e3o de aplauso. A Indica\u00e7\u00e3o 238\/21, de autoria da vereadora Manu Brand\u00e3o, solicita que seja encaminhado projeto de lei reduzindo a carga hor\u00e1ria para 30 horas semanais dos cargos de auxiliar de enfermagem, t\u00e9cnico em enfermagem e enfermeiros vinculados \u00e0 Administra\u00e7\u00e3o P\u00fablica do munic\u00edpio.<\/p>\n<p>J\u00e1 a Mo\u00e7\u00e3o de Aplauso 12\/21, de autoria do vereador Anderson da Nova (DEM), presta homenagem aos enfermeiros, t\u00e9cnicos e auxiliares de enfermagem do munic\u00edpio de Itapetinga pela grande import\u00e2ncia das suas atividades desenvolvidas na cidade.<\/p>\n<p>O vereador Luciano Almeida (MDB) e a vereadora Manu Brand\u00e3o tamb\u00e9m aproveitaram para fazer a entrega simb\u00f3lica de uma mo\u00e7\u00e3o de aplauso, aprovada no dia 15 de abril, que presta homenagem aos trabalhadores da sa\u00fade e demais \u00e1reas da linha de frente no enfrentamento \u00e0 pandemia da Covid-19 na comunidade de Itapetinga.<\/p>\n<p>Em respeito \u00e0s medidas de preven\u00e7\u00e3o da Covid-19, o evento teve limite de p\u00fablico, mas foi transmitido ao vivo pela Fascina\u00e7\u00e3o AM e pela internet. Para assistir ao v\u00eddeo da sess\u00e3o, acesse o canal\u00a0<a href=\"https:\/\/www.youtube.com\/tvcamaraitapetinga\">TV C\u00e2mara Itapetinga no YouTube<\/a>.<\/p>\n","protected":false},"excerpt":{"rendered":"<p>Para comemorar o Dia Internacional da Enfermagem e do Enfermeiro, a C\u00e2mara Municipal de Itapetinga realizou uma sess\u00e3o especial nesta quarta-feira (12). A iniciativa foi da vereadora Manu Brand\u00e3o (MDB). De acordo com Manu Brand\u00e3o, a sess\u00e3o especial teve como objetivo prestar homenagem a essa classe importante para a sociedade e, ao mesmo tempo, reivindicar [&hellip;]<\/p>\n","protected":false},"author":2,"featured_media":94782,"comment_status":"open","ping_status":"open","sticky":false,"template":"","format":"standard","meta":{"footnotes":"","_links_to":"","_links_to_target":""},"categories":[1],"tags":[],"class_list":["post-94781","post","type-post","status-publish","format-standard","has-post-thumbnail","hentry","category-geral"],"views":808,"_links":{"self":[{"href":"https:\/\/www.sudoestehoje.com.br\/novoportal\/wp-json\/wp\/v2\/posts\/94781","targetHints":{"allow":["GET"]}}],"collection":[{"href":"https:\/\/www.sudoestehoje.com.br\/novoportal\/wp-json\/wp\/v2\/posts"}],"about":[{"href":"https:\/\/www.sudoestehoje.com.br\/novoportal\/wp-json\/wp\/v2\/types\/post"}],"author":[{"embeddable":true,"href":"https:\/\/www.sudoestehoje.com.br\/novoportal\/wp-json\/wp\/v2\/users\/2"}],"replies":[{"embeddable":true,"href":"https:\/\/www.sudoestehoje.com.br\/novoportal\/wp-json\/wp\/v2\/comments?post=94781"}],"version-history":[{"count":3,"href":"https:\/\/www.sudoestehoje.com.br\/novoportal\/wp-json\/wp\/v2\/posts\/94781\/revisions"}],"predecessor-version":[{"id":94796,"href":"https:\/\/www.sudoestehoje.com.br\/novoportal\/wp-json\/wp\/v2\/posts\/94781\/revisions\/94796"}],"wp:featuredmedia":[{"embeddable":true,"href":"https:\/\/www.sudoestehoje.com.br\/novoportal\/wp-json\/wp\/v2\/media\/94782"}],"wp:attachment":[{"href":"https:\/\/www.sudoestehoje.com.br\/novoportal\/wp-json\/wp\/v2\/media?parent=94781"}],"wp:term":[{"taxonomy":"category","embeddable":true,"href":"https:\/\/www.sudoestehoje.com.br\/novoportal\/wp-json\/wp\/v2\/categories?post=94781"},{"taxonomy":"post_tag","embeddable":true,"href":"https:\/\/www.sudoestehoje.com.br\/novoportal\/wp-json\/wp\/v2\/tags?post=94781"}],"curies":[{"name":"wp","href":"https:\/\/api.w.org\/{rel}","templated":true}]}}