
{"id":94775,"date":"2021-05-11T23:14:28","date_gmt":"2021-05-12T02:14:28","guid":{"rendered":"https:\/\/www.sudoestehoje.com.br\/novoportal\/?p=94775"},"modified":"2021-05-11T23:21:59","modified_gmt":"2021-05-12T02:21:59","slug":"governo-do-estado-acredita-que-carnaval-de-salvador-em-2022-e-possivel","status":"publish","type":"post","link":"https:\/\/www.sudoestehoje.com.br\/novoportal\/2021\/05\/11\/governo-do-estado-acredita-que-carnaval-de-salvador-em-2022-e-possivel\/","title":{"rendered":"GOVERNO DO ESTADO ACREDITA QUE CARNAVAL DE SALVADOR EM 2022 \u00c9 POSS\u00cdVEL"},"content":{"rendered":"<p><a href=\"https:\/\/www.sudoestehoje.com.br\/novoportal\/wp-content\/uploads\/2021\/05\/CARNAVAL-SALVADOR.jpg\"><img loading=\"lazy\" decoding=\"async\" class=\"aligncenter size-medium wp-image-94776\" src=\"https:\/\/www.sudoestehoje.com.br\/novoportal\/wp-content\/uploads\/2021\/05\/CARNAVAL-SALVADOR-500x301.jpg\" alt=\"\" width=\"500\" height=\"301\" srcset=\"https:\/\/www.sudoestehoje.com.br\/novoportal\/wp-content\/uploads\/2021\/05\/CARNAVAL-SALVADOR-500x301.jpg 500w, https:\/\/www.sudoestehoje.com.br\/novoportal\/wp-content\/uploads\/2021\/05\/CARNAVAL-SALVADOR-700x421.jpg 700w, https:\/\/www.sudoestehoje.com.br\/novoportal\/wp-content\/uploads\/2021\/05\/CARNAVAL-SALVADOR-768x462.jpg 768w, https:\/\/www.sudoestehoje.com.br\/novoportal\/wp-content\/uploads\/2021\/05\/CARNAVAL-SALVADOR.jpg 940w\" sizes=\"auto, (max-width: 500px) 100vw, 500px\" \/><\/a><\/p>\n<p class=\"bodytext\">N\u00e3o vacinar toda a popula\u00e7\u00e3o brasileira at\u00e9 o final de 2021 \u00e9 barbeiragem e por isso o carnaval de Salvador \u00e9 uma realidade poss\u00edvel j\u00e1 em 2022. Quem afirmou isso foi o governador da Bahia, Rui Costa, durante a sua Live semanal nas redes sociais, o papo Correria.<\/p>\n<p class=\"bodytext\">O chefe do executivo no estado acredita que pode fazer a sua &#8216;saideira&#8217;, j\u00e1 que o pr\u00f3ximo ano \u00e9 o \u00faltimo do seu segundo mandato.<\/p>\n<p class=\"bodytext\">&#8220;Temos todas condi\u00e7\u00f5es de vacinar toda a popula\u00e7\u00e3o brasileira at\u00e9 o final do ano. \u00c9 &#8216;barbeiragem&#8217; e incompet\u00eancia, se at\u00e9 o final do ano n\u00e3o tivermos feito. Mas n\u00e3o s\u00f3 o carnaval, mas o ver\u00e3o. A volta do turismo a partir de janeiro&#8221;, disse o Governador.<\/p>\n<p class=\"bodytext\">Rui se junta ao prefeito de Salvador, Bruno Reis, no time dos otimistas sobre a realiza\u00e7\u00e3o do carnaval no ano que vem. Na \u00faltima segunda-feira (15), Bruno afirmou que a festa pode ser realizada caso grande parte da popula\u00e7\u00e3o esteja vacinada pelo menos at\u00e9 o pr\u00f3ximo m\u00eas de outubro. <em>\/\/Correio<\/em><\/p>\n","protected":false},"excerpt":{"rendered":"<p>N\u00e3o vacinar toda a popula\u00e7\u00e3o brasileira at\u00e9 o final de 2021 \u00e9 barbeiragem e por isso o carnaval de Salvador \u00e9 uma realidade poss\u00edvel j\u00e1 em 2022. Quem afirmou isso foi o governador da Bahia, Rui Costa, durante a sua Live semanal nas redes sociais, o papo Correria. O chefe do executivo no estado acredita [&hellip;]<\/p>\n","protected":false},"author":2,"featured_media":94776,"comment_status":"open","ping_status":"open","sticky":false,"template":"","format":"standard","meta":{"footnotes":"","_links_to":"","_links_to_target":""},"categories":[1],"tags":[],"class_list":["post-94775","post","type-post","status-publish","format-standard","has-post-thumbnail","hentry","category-geral"],"views":1174,"_links":{"self":[{"href":"https:\/\/www.sudoestehoje.com.br\/novoportal\/wp-json\/wp\/v2\/posts\/94775","targetHints":{"allow":["GET"]}}],"collection":[{"href":"https:\/\/www.sudoestehoje.com.br\/novoportal\/wp-json\/wp\/v2\/posts"}],"about":[{"href":"https:\/\/www.sudoestehoje.com.br\/novoportal\/wp-json\/wp\/v2\/types\/post"}],"author":[{"embeddable":true,"href":"https:\/\/www.sudoestehoje.com.br\/novoportal\/wp-json\/wp\/v2\/users\/2"}],"replies":[{"embeddable":true,"href":"https:\/\/www.sudoestehoje.com.br\/novoportal\/wp-json\/wp\/v2\/comments?post=94775"}],"version-history":[{"count":2,"href":"https:\/\/www.sudoestehoje.com.br\/novoportal\/wp-json\/wp\/v2\/posts\/94775\/revisions"}],"predecessor-version":[{"id":94778,"href":"https:\/\/www.sudoestehoje.com.br\/novoportal\/wp-json\/wp\/v2\/posts\/94775\/revisions\/94778"}],"wp:featuredmedia":[{"embeddable":true,"href":"https:\/\/www.sudoestehoje.com.br\/novoportal\/wp-json\/wp\/v2\/media\/94776"}],"wp:attachment":[{"href":"https:\/\/www.sudoestehoje.com.br\/novoportal\/wp-json\/wp\/v2\/media?parent=94775"}],"wp:term":[{"taxonomy":"category","embeddable":true,"href":"https:\/\/www.sudoestehoje.com.br\/novoportal\/wp-json\/wp\/v2\/categories?post=94775"},{"taxonomy":"post_tag","embeddable":true,"href":"https:\/\/www.sudoestehoje.com.br\/novoportal\/wp-json\/wp\/v2\/tags?post=94775"}],"curies":[{"name":"wp","href":"https:\/\/api.w.org\/{rel}","templated":true}]}}