
{"id":94773,"date":"2021-05-11T22:36:20","date_gmt":"2021-05-12T01:36:20","guid":{"rendered":"https:\/\/www.sudoestehoje.com.br\/novoportal\/?p=94773"},"modified":"2021-05-11T22:36:20","modified_gmt":"2021-05-12T01:36:20","slug":"rui-costa-toma-vacina-americana-mas-diz-que-preferiria-a-russa-sera-2","status":"publish","type":"post","link":"https:\/\/www.sudoestehoje.com.br\/novoportal\/2021\/05\/11\/rui-costa-toma-vacina-americana-mas-diz-que-preferiria-a-russa-sera-2\/","title":{"rendered":"RUI COSTA TOMA VACINA AMERICANA, MAS DIZ QUE PREFERIRIA A RUSSA; SER\u00c1?"},"content":{"rendered":"<p><a href=\"https:\/\/www.sudoestehoje.com.br\/novoportal\/wp-content\/uploads\/2021\/05\/rui-vacinado.jpeg\"><img loading=\"lazy\" decoding=\"async\" class=\"aligncenter size-medium wp-image-94772\" src=\"https:\/\/www.sudoestehoje.com.br\/novoportal\/wp-content\/uploads\/2021\/05\/rui-vacinado-500x336.jpeg\" alt=\"\" width=\"500\" height=\"336\" srcset=\"https:\/\/www.sudoestehoje.com.br\/novoportal\/wp-content\/uploads\/2021\/05\/rui-vacinado-500x336.jpeg 500w, https:\/\/www.sudoestehoje.com.br\/novoportal\/wp-content\/uploads\/2021\/05\/rui-vacinado-700x471.jpeg 700w, https:\/\/www.sudoestehoje.com.br\/novoportal\/wp-content\/uploads\/2021\/05\/rui-vacinado-768x517.jpeg 768w, https:\/\/www.sudoestehoje.com.br\/novoportal\/wp-content\/uploads\/2021\/05\/rui-vacinado.jpeg 984w\" sizes=\"auto, (max-width: 500px) 100vw, 500px\" \/><\/a><\/p>\n<p>J\u00e1 imunizado com a vacina americana da Pfizer, o governador Rui Costa (PT) disse que, se dependesse dele, teria aguardado para tomar a vacina russa Sputnik-V. Rui participou do \u201cPapo Correria\u201d, nesta ter\u00e7a-feira (11).<\/p>\n<p><em>\u201cEu queria tomar a Sputnik. Tem mais 90% de taxa de efic\u00e1cia. A vacina que Salvador est\u00e1 disponibilizando \u00e9 a da Pfizer. Pessoas como eu. Eu n\u00e3o disse que quero tomar essa vacina. Salvador foi a \u00fanica cidade que recebeu, est\u00e1 com um lote grande, n\u00e3o s\u00f3 o governador. A fam\u00edlia pressionou e fui tomar a vacina\u201d<\/em>, disse.<\/p>\n<p>A vacina americana da PFIZER \u00e9, de longe, a mais eficiente, at\u00e9 agora, contra a Covid, enquanto a russa Sputnik vem sendo recusada pelas principais ag\u00eancias de sa\u00fade mundiais, inclusive a brasileira Anvisa.<\/p>\n<p>Rui vem tentando importar, sem sucesso, a vacina russa.<\/p>\n","protected":false},"excerpt":{"rendered":"<p>J\u00e1 imunizado com a vacina americana da Pfizer, o governador Rui Costa (PT) disse que, se dependesse dele, teria aguardado para tomar a vacina russa Sputnik-V. Rui participou do \u201cPapo Correria\u201d, nesta ter\u00e7a-feira (11). \u201cEu queria tomar a Sputnik. Tem mais 90% de taxa de efic\u00e1cia. A vacina que Salvador est\u00e1 disponibilizando \u00e9 a da [&hellip;]<\/p>\n","protected":false},"author":2,"featured_media":94772,"comment_status":"open","ping_status":"open","sticky":false,"template":"","format":"standard","meta":{"footnotes":"","_links_to":"","_links_to_target":""},"categories":[1],"tags":[],"class_list":["post-94773","post","type-post","status-publish","format-standard","has-post-thumbnail","hentry","category-geral"],"views":984,"_links":{"self":[{"href":"https:\/\/www.sudoestehoje.com.br\/novoportal\/wp-json\/wp\/v2\/posts\/94773","targetHints":{"allow":["GET"]}}],"collection":[{"href":"https:\/\/www.sudoestehoje.com.br\/novoportal\/wp-json\/wp\/v2\/posts"}],"about":[{"href":"https:\/\/www.sudoestehoje.com.br\/novoportal\/wp-json\/wp\/v2\/types\/post"}],"author":[{"embeddable":true,"href":"https:\/\/www.sudoestehoje.com.br\/novoportal\/wp-json\/wp\/v2\/users\/2"}],"replies":[{"embeddable":true,"href":"https:\/\/www.sudoestehoje.com.br\/novoportal\/wp-json\/wp\/v2\/comments?post=94773"}],"version-history":[{"count":1,"href":"https:\/\/www.sudoestehoje.com.br\/novoportal\/wp-json\/wp\/v2\/posts\/94773\/revisions"}],"predecessor-version":[{"id":94774,"href":"https:\/\/www.sudoestehoje.com.br\/novoportal\/wp-json\/wp\/v2\/posts\/94773\/revisions\/94774"}],"wp:featuredmedia":[{"embeddable":true,"href":"https:\/\/www.sudoestehoje.com.br\/novoportal\/wp-json\/wp\/v2\/media\/94772"}],"wp:attachment":[{"href":"https:\/\/www.sudoestehoje.com.br\/novoportal\/wp-json\/wp\/v2\/media?parent=94773"}],"wp:term":[{"taxonomy":"category","embeddable":true,"href":"https:\/\/www.sudoestehoje.com.br\/novoportal\/wp-json\/wp\/v2\/categories?post=94773"},{"taxonomy":"post_tag","embeddable":true,"href":"https:\/\/www.sudoestehoje.com.br\/novoportal\/wp-json\/wp\/v2\/tags?post=94773"}],"curies":[{"name":"wp","href":"https:\/\/api.w.org\/{rel}","templated":true}]}}