
{"id":94765,"date":"2021-05-11T22:00:04","date_gmt":"2021-05-12T01:00:04","guid":{"rendered":"https:\/\/www.sudoestehoje.com.br\/novoportal\/?p=94765"},"modified":"2021-05-11T22:00:04","modified_gmt":"2021-05-12T01:00:04","slug":"ministerio-da-saude-suspende-vacinacao-de-gravidas-com-a-astrazeneca","status":"publish","type":"post","link":"https:\/\/www.sudoestehoje.com.br\/novoportal\/2021\/05\/11\/ministerio-da-saude-suspende-vacinacao-de-gravidas-com-a-astrazeneca\/","title":{"rendered":"MINIST\u00c9RIO DA SA\u00daDE SUSPENDE VACINA\u00c7\u00c3O DE GR\u00c1VIDAS COM A ASTRAZENECA"},"content":{"rendered":"<div class=\"mc-column content-text active-extra-styles \" data-block-type=\"unstyled\" data-block-weight=\"34\" data-block-id=\"2\">\n<p data-track-category=\"Link no Texto\" data-track-links=\"\"><a href=\"https:\/\/www.sudoestehoje.com.br\/novoportal\/wp-content\/uploads\/2021\/05\/vacinacao-gestantes-astrazeneca-anvisa-660x372-1.jpg\"><img loading=\"lazy\" decoding=\"async\" class=\"aligncenter size-medium wp-image-94767\" src=\"https:\/\/www.sudoestehoje.com.br\/novoportal\/wp-content\/uploads\/2021\/05\/vacinacao-gestantes-astrazeneca-anvisa-660x372-1-500x282.jpg\" alt=\"\" width=\"500\" height=\"282\" srcset=\"https:\/\/www.sudoestehoje.com.br\/novoportal\/wp-content\/uploads\/2021\/05\/vacinacao-gestantes-astrazeneca-anvisa-660x372-1-500x282.jpg 500w, https:\/\/www.sudoestehoje.com.br\/novoportal\/wp-content\/uploads\/2021\/05\/vacinacao-gestantes-astrazeneca-anvisa-660x372-1.jpg 660w\" sizes=\"auto, (max-width: 500px) 100vw, 500px\" \/><\/a><\/p>\n<p class=\"content-text__container \" data-track-category=\"Link no Texto\" data-track-links=\"\">O Minist\u00e9rio da Sa\u00fade suspendeu nesta ter\u00e7a-feira (11) a vacina\u00e7\u00e3o de gr\u00e1vidas com a AstraZeneca, uma precau\u00e7\u00e3o para evitar eventos muito raros. A Anvisa reiterou que a vacina \u00e9 segura para os outros grupos.<\/p>\n<\/div>\n<div class=\"wall protected-content\">\n<div class=\"mc-column content-text active-extra-styles \" data-block-type=\"unstyled\" data-block-weight=\"22\" data-block-id=\"3\">\n<p class=\"content-text__container \" data-track-category=\"Link no Texto\" data-track-links=\"\">Na nota, divulgada na segunda-feira \u00e0 noite, a Anvisa recomendou a suspens\u00e3o imediata do uso da vacina da AstraZeneca\/Fiocruz em mulheres gestantes.<\/p>\n<\/div>\n<div class=\"mc-column content-text active-extra-styles \" data-block-type=\"unstyled\" data-block-weight=\"34\" data-block-id=\"4\">\n<p class=\"content-text__container \" data-track-category=\"Link no Texto\" data-track-links=\"\">Em 15 de mar\u00e7o, o Minist\u00e9rio da Sa\u00fade tinha inclu\u00eddo no grupo de priorit\u00e1rias as gestantes com comorbidades. No fim de abril, as demais gestantes e as mulheres que acabaram de dar \u00e0 luz.<\/p>\n<\/div>\n<div class=\"mc-column content-text active-extra-styles \" data-block-type=\"unstyled\" data-block-weight=\"45\" data-block-id=\"5\">\n<p class=\"content-text__container \" data-track-category=\"Link no Texto\" data-track-links=\"\">A Anvisa tomou a decis\u00e3o por precau\u00e7\u00e3o, depois de ser informada sobre a interna\u00e7\u00e3o de uma gr\u00e1vida de 35 anos, no dia 5 de maio, e que morreu nesta segunda (10). Segundo a Anvisa, o tipo de trombose que a mulher sofreu \u00e9 extremamente raro.<\/p>\n<\/div>\n<div class=\"mc-column content-text active-extra-styles \" data-block-type=\"unstyled\" data-block-weight=\"18\" data-block-id=\"6\">\n<p class=\"content-text__container \" data-track-category=\"Link no Texto\" data-track-links=\"\">Em nota t\u00e9cnica, a Anvisa destacou que n\u00e3o h\u00e1 comprova\u00e7\u00e3o que a morte tenha sido provocada pela vacina.<\/p>\n<\/div>\n<\/div>\n","protected":false},"excerpt":{"rendered":"<p>O Minist\u00e9rio da Sa\u00fade suspendeu nesta ter\u00e7a-feira (11) a vacina\u00e7\u00e3o de gr\u00e1vidas com a AstraZeneca, uma precau\u00e7\u00e3o para evitar eventos muito raros. A Anvisa reiterou que a vacina \u00e9 segura para os outros grupos. Na nota, divulgada na segunda-feira \u00e0 noite, a Anvisa recomendou a suspens\u00e3o imediata do uso da vacina da AstraZeneca\/Fiocruz em mulheres [&hellip;]<\/p>\n","protected":false},"author":2,"featured_media":94767,"comment_status":"open","ping_status":"open","sticky":false,"template":"","format":"standard","meta":{"footnotes":"","_links_to":"","_links_to_target":""},"categories":[1],"tags":[],"class_list":["post-94765","post","type-post","status-publish","format-standard","has-post-thumbnail","hentry","category-geral"],"views":905,"_links":{"self":[{"href":"https:\/\/www.sudoestehoje.com.br\/novoportal\/wp-json\/wp\/v2\/posts\/94765","targetHints":{"allow":["GET"]}}],"collection":[{"href":"https:\/\/www.sudoestehoje.com.br\/novoportal\/wp-json\/wp\/v2\/posts"}],"about":[{"href":"https:\/\/www.sudoestehoje.com.br\/novoportal\/wp-json\/wp\/v2\/types\/post"}],"author":[{"embeddable":true,"href":"https:\/\/www.sudoestehoje.com.br\/novoportal\/wp-json\/wp\/v2\/users\/2"}],"replies":[{"embeddable":true,"href":"https:\/\/www.sudoestehoje.com.br\/novoportal\/wp-json\/wp\/v2\/comments?post=94765"}],"version-history":[{"count":2,"href":"https:\/\/www.sudoestehoje.com.br\/novoportal\/wp-json\/wp\/v2\/posts\/94765\/revisions"}],"predecessor-version":[{"id":94768,"href":"https:\/\/www.sudoestehoje.com.br\/novoportal\/wp-json\/wp\/v2\/posts\/94765\/revisions\/94768"}],"wp:featuredmedia":[{"embeddable":true,"href":"https:\/\/www.sudoestehoje.com.br\/novoportal\/wp-json\/wp\/v2\/media\/94767"}],"wp:attachment":[{"href":"https:\/\/www.sudoestehoje.com.br\/novoportal\/wp-json\/wp\/v2\/media?parent=94765"}],"wp:term":[{"taxonomy":"category","embeddable":true,"href":"https:\/\/www.sudoestehoje.com.br\/novoportal\/wp-json\/wp\/v2\/categories?post=94765"},{"taxonomy":"post_tag","embeddable":true,"href":"https:\/\/www.sudoestehoje.com.br\/novoportal\/wp-json\/wp\/v2\/tags?post=94765"}],"curies":[{"name":"wp","href":"https:\/\/api.w.org\/{rel}","templated":true}]}}