
{"id":94752,"date":"2021-05-11T10:46:35","date_gmt":"2021-05-11T13:46:35","guid":{"rendered":"https:\/\/www.sudoestehoje.com.br\/novoportal\/?p=94752"},"modified":"2021-05-11T10:46:35","modified_gmt":"2021-05-11T13:46:35","slug":"itapetinga-camara-vai-realizar-sessao-especial-em-homenagem-ao-dia-da-enfermagem","status":"publish","type":"post","link":"https:\/\/www.sudoestehoje.com.br\/novoportal\/2021\/05\/11\/itapetinga-camara-vai-realizar-sessao-especial-em-homenagem-ao-dia-da-enfermagem\/","title":{"rendered":"ITAPETINGA: C\u00c2MARA VAI REALIZAR SESS\u00c3O ESPECIAL EM HOMENAGEM AO DIA DA ENFERMAGEM"},"content":{"rendered":"<p><a href=\"https:\/\/www.sudoestehoje.com.br\/novoportal\/wp-content\/uploads\/2021\/05\/DIA-DA-ENFERM.jpeg\"><img loading=\"lazy\" decoding=\"async\" class=\"aligncenter size-full wp-image-94753\" src=\"https:\/\/www.sudoestehoje.com.br\/novoportal\/wp-content\/uploads\/2021\/05\/DIA-DA-ENFERM.jpeg\" alt=\"\" width=\"480\" height=\"576\" \/><\/a><\/p>\n<p>Por iniciativa da vereadora Manu Brand\u00e3o (MDB), a C\u00e2mara Municipal de Itapetinga vai realizar uma sess\u00e3o especial em homenagem ao Dia da Enfermagem. O evento acontecer\u00e1 nesta quarta-feira (12), \u00e0s 10 horas, no Plen\u00e1rio Ulysses Guimar\u00e3es.<\/p>\n<p>Em raz\u00e3o da pandemia da Covid-19, a sess\u00e3o especial ter\u00e1 limite de p\u00fablico. Entretanto, a popula\u00e7\u00e3o poder\u00e1 acompanhar a transmiss\u00e3o ao vivo pela Fascina\u00e7\u00e3o AM, canal\u00a0<a href=\"https:\/\/www.youtube.com\/tvcamaraitapetinga\">TV C\u00e2mara Itapetinga no YouTube<\/a>\u00a0ou\u00a0<a href=\"https:\/\/www.facebook.com\/camaraitapetingaoficial\">Facebook\/camaraitapetingaoficial<\/a>.<\/p>\n<p>De acordo com a vereadora Manu Brand\u00e3o, a sess\u00e3o especial busca homenagear essa classe importante para a sociedade e reivindicar o apoio ao Projeto de Lei 2564\/2020, que est\u00e1 tramitando no Congresso. O projeto altera a Lei n\u00ba 7.498, de 25 de junho de 1986, para instituir o piso salarial nacional do enfermeiro, do t\u00e9cnico de enfermagem, do auxiliar de enfermagem e da parteira.<\/p>\n<p>O Dia Internacional da Enfermagem e do Enfermeiro \u00e9 comemorado anualmente em 12 de maio. A data faz refer\u00eancia ao nascimento da enfermeira inglesa Florence Nightingale, considerada fundadora da enfermagem moderna. J\u00e1 em 20 de maio comemora-se o Dia Nacional do T\u00e9cnico e Auxiliar de Enfermagem.<\/p>\n","protected":false},"excerpt":{"rendered":"<p>Por iniciativa da vereadora Manu Brand\u00e3o (MDB), a C\u00e2mara Municipal de Itapetinga vai realizar uma sess\u00e3o especial em homenagem ao Dia da Enfermagem. O evento acontecer\u00e1 nesta quarta-feira (12), \u00e0s 10 horas, no Plen\u00e1rio Ulysses Guimar\u00e3es. Em raz\u00e3o da pandemia da Covid-19, a sess\u00e3o especial ter\u00e1 limite de p\u00fablico. Entretanto, a popula\u00e7\u00e3o poder\u00e1 acompanhar a [&hellip;]<\/p>\n","protected":false},"author":2,"featured_media":94753,"comment_status":"open","ping_status":"open","sticky":false,"template":"","format":"standard","meta":{"footnotes":"","_links_to":"","_links_to_target":""},"categories":[1],"tags":[],"class_list":["post-94752","post","type-post","status-publish","format-standard","has-post-thumbnail","hentry","category-geral"],"views":676,"_links":{"self":[{"href":"https:\/\/www.sudoestehoje.com.br\/novoportal\/wp-json\/wp\/v2\/posts\/94752","targetHints":{"allow":["GET"]}}],"collection":[{"href":"https:\/\/www.sudoestehoje.com.br\/novoportal\/wp-json\/wp\/v2\/posts"}],"about":[{"href":"https:\/\/www.sudoestehoje.com.br\/novoportal\/wp-json\/wp\/v2\/types\/post"}],"author":[{"embeddable":true,"href":"https:\/\/www.sudoestehoje.com.br\/novoportal\/wp-json\/wp\/v2\/users\/2"}],"replies":[{"embeddable":true,"href":"https:\/\/www.sudoestehoje.com.br\/novoportal\/wp-json\/wp\/v2\/comments?post=94752"}],"version-history":[{"count":1,"href":"https:\/\/www.sudoestehoje.com.br\/novoportal\/wp-json\/wp\/v2\/posts\/94752\/revisions"}],"predecessor-version":[{"id":94754,"href":"https:\/\/www.sudoestehoje.com.br\/novoportal\/wp-json\/wp\/v2\/posts\/94752\/revisions\/94754"}],"wp:featuredmedia":[{"embeddable":true,"href":"https:\/\/www.sudoestehoje.com.br\/novoportal\/wp-json\/wp\/v2\/media\/94753"}],"wp:attachment":[{"href":"https:\/\/www.sudoestehoje.com.br\/novoportal\/wp-json\/wp\/v2\/media?parent=94752"}],"wp:term":[{"taxonomy":"category","embeddable":true,"href":"https:\/\/www.sudoestehoje.com.br\/novoportal\/wp-json\/wp\/v2\/categories?post=94752"},{"taxonomy":"post_tag","embeddable":true,"href":"https:\/\/www.sudoestehoje.com.br\/novoportal\/wp-json\/wp\/v2\/tags?post=94752"}],"curies":[{"name":"wp","href":"https:\/\/api.w.org\/{rel}","templated":true}]}}