
{"id":94729,"date":"2021-05-09T20:48:26","date_gmt":"2021-05-09T23:48:26","guid":{"rendered":"https:\/\/www.sudoestehoje.com.br\/novoportal\/?p=94729"},"modified":"2021-05-09T20:48:26","modified_gmt":"2021-05-09T23:48:26","slug":"acm-neto-descarta-apoio-do-dem-a-lula-ou-bolsonaro-em-2022","status":"publish","type":"post","link":"https:\/\/www.sudoestehoje.com.br\/novoportal\/2021\/05\/09\/acm-neto-descarta-apoio-do-dem-a-lula-ou-bolsonaro-em-2022\/","title":{"rendered":"ACM NETO DESCARTA APOIO DO DEM A LULA OU BOLSONARO EM 2022"},"content":{"rendered":"<p><a href=\"https:\/\/www.sudoestehoje.com.br\/novoportal\/wp-content\/uploads\/2021\/05\/acm-neto.jpg\"><img loading=\"lazy\" decoding=\"async\" class=\"aligncenter size-medium wp-image-94730\" src=\"https:\/\/www.sudoestehoje.com.br\/novoportal\/wp-content\/uploads\/2021\/05\/acm-neto-500x335.jpg\" alt=\"\" width=\"500\" height=\"335\" srcset=\"https:\/\/www.sudoestehoje.com.br\/novoportal\/wp-content\/uploads\/2021\/05\/acm-neto-500x335.jpg 500w, https:\/\/www.sudoestehoje.com.br\/novoportal\/wp-content\/uploads\/2021\/05\/acm-neto-700x469.jpg 700w, https:\/\/www.sudoestehoje.com.br\/novoportal\/wp-content\/uploads\/2021\/05\/acm-neto.jpg 750w\" sizes=\"auto, (max-width: 500px) 100vw, 500px\" \/><\/a><\/p>\n<p>O presidente nacional do DEM, ACM Neto, admitiu que o partido n\u00e3o cogita apoiar nem o presidente Jair Bolsonaro (sem partido) nem o ex-presidente Luiz In\u00e1cio Lula da Silva (PT) no pleito eleitoral de 2022 para o Pal\u00e1cio do Planalto.<\/p>\n<p>\u201cSe existem partidos no Brasil que podem apoiar qualquer um, nesse rol n\u00e3o nos inclu\u00edmos. N\u00e3o vou apontar o dedo nem julgo ningu\u00e9m, mas se algum partido cogita apoiar de Lula a Bolsonaro algum problema esse partido tem\u201d, disse Neto \u00e0 coluna Painel da Folha de S. Paulo.<\/p>\n<p>O DEM tem perdido quadros porque parlamentares do partido afirmam que t\u00eam buscado outras siglas mais abertas, com a possibilidade de dialogar tanto com Bolsonaro quanto com Lula. O prefeito do Rio de Janeiro, Eduardo Paes, decidiu trocar o DEM pelo PSD, mesmo caminho que dever\u00e1 ser seguido pelo deputado Rodrigo Maia (RJ). O vice-governador de S\u00e3o Paulo \u00e9 outro que deve deixar a legenda, indo para o PSDB.<\/p>\n<p>ACM Neto disse que a posi\u00e7\u00e3o relevante da legenda na pol\u00edtica nacional \u201cdesperta inveja e interesse de diversos setores de gerar desgaste no partido\u201d. Para ele, \u201cs\u00f3 quem \u00e9 grande e forte incomoda\u201d. \u201cE est\u00e1 muito claro que o DEM est\u00e1 incomodando\u201d, concluiu.<\/p>\n","protected":false},"excerpt":{"rendered":"<p>O presidente nacional do DEM, ACM Neto, admitiu que o partido n\u00e3o cogita apoiar nem o presidente Jair Bolsonaro (sem partido) nem o ex-presidente Luiz In\u00e1cio Lula da Silva (PT) no pleito eleitoral de 2022 para o Pal\u00e1cio do Planalto. \u201cSe existem partidos no Brasil que podem apoiar qualquer um, nesse rol n\u00e3o nos inclu\u00edmos. [&hellip;]<\/p>\n","protected":false},"author":2,"featured_media":94730,"comment_status":"open","ping_status":"open","sticky":false,"template":"","format":"standard","meta":{"footnotes":"","_links_to":"","_links_to_target":""},"categories":[1],"tags":[],"class_list":["post-94729","post","type-post","status-publish","format-standard","has-post-thumbnail","hentry","category-geral"],"views":1077,"_links":{"self":[{"href":"https:\/\/www.sudoestehoje.com.br\/novoportal\/wp-json\/wp\/v2\/posts\/94729","targetHints":{"allow":["GET"]}}],"collection":[{"href":"https:\/\/www.sudoestehoje.com.br\/novoportal\/wp-json\/wp\/v2\/posts"}],"about":[{"href":"https:\/\/www.sudoestehoje.com.br\/novoportal\/wp-json\/wp\/v2\/types\/post"}],"author":[{"embeddable":true,"href":"https:\/\/www.sudoestehoje.com.br\/novoportal\/wp-json\/wp\/v2\/users\/2"}],"replies":[{"embeddable":true,"href":"https:\/\/www.sudoestehoje.com.br\/novoportal\/wp-json\/wp\/v2\/comments?post=94729"}],"version-history":[{"count":1,"href":"https:\/\/www.sudoestehoje.com.br\/novoportal\/wp-json\/wp\/v2\/posts\/94729\/revisions"}],"predecessor-version":[{"id":94731,"href":"https:\/\/www.sudoestehoje.com.br\/novoportal\/wp-json\/wp\/v2\/posts\/94729\/revisions\/94731"}],"wp:featuredmedia":[{"embeddable":true,"href":"https:\/\/www.sudoestehoje.com.br\/novoportal\/wp-json\/wp\/v2\/media\/94730"}],"wp:attachment":[{"href":"https:\/\/www.sudoestehoje.com.br\/novoportal\/wp-json\/wp\/v2\/media?parent=94729"}],"wp:term":[{"taxonomy":"category","embeddable":true,"href":"https:\/\/www.sudoestehoje.com.br\/novoportal\/wp-json\/wp\/v2\/categories?post=94729"},{"taxonomy":"post_tag","embeddable":true,"href":"https:\/\/www.sudoestehoje.com.br\/novoportal\/wp-json\/wp\/v2\/tags?post=94729"}],"curies":[{"name":"wp","href":"https:\/\/api.w.org\/{rel}","templated":true}]}}