
{"id":94720,"date":"2021-05-09T19:23:27","date_gmt":"2021-05-09T22:23:27","guid":{"rendered":"https:\/\/www.sudoestehoje.com.br\/novoportal\/?p=94720"},"modified":"2021-05-09T19:23:27","modified_gmt":"2021-05-09T22:23:27","slug":"conquista-prefeita-acompanha-teste-de-operacao-na-estacao-herzem-gusmao","status":"publish","type":"post","link":"https:\/\/www.sudoestehoje.com.br\/novoportal\/2021\/05\/09\/conquista-prefeita-acompanha-teste-de-operacao-na-estacao-herzem-gusmao\/","title":{"rendered":"CONQUISTA: PREFEITA ACOMPANHA TESTE DE OPERA\u00c7\u00c3O NA ESTA\u00c7\u00c3O HERZEM GUSM\u00c3O"},"content":{"rendered":"<p><a href=\"https:\/\/www.sudoestehoje.com.br\/novoportal\/wp-content\/uploads\/2021\/05\/ESTA\u00c7\u00c3O-CONQ-1-1.jpeg\"><img loading=\"lazy\" decoding=\"async\" class=\"aligncenter size-medium wp-image-94725\" src=\"https:\/\/www.sudoestehoje.com.br\/novoportal\/wp-content\/uploads\/2021\/05\/ESTA\u00c7\u00c3O-CONQ-1-1-500x230.jpeg\" alt=\"\" width=\"500\" height=\"230\" srcset=\"https:\/\/www.sudoestehoje.com.br\/novoportal\/wp-content\/uploads\/2021\/05\/ESTA\u00c7\u00c3O-CONQ-1-1-500x230.jpeg 500w, https:\/\/www.sudoestehoje.com.br\/novoportal\/wp-content\/uploads\/2021\/05\/ESTA\u00c7\u00c3O-CONQ-1-1-700x323.jpeg 700w, https:\/\/www.sudoestehoje.com.br\/novoportal\/wp-content\/uploads\/2021\/05\/ESTA\u00c7\u00c3O-CONQ-1-1-768x354.jpeg 768w, https:\/\/www.sudoestehoje.com.br\/novoportal\/wp-content\/uploads\/2021\/05\/ESTA\u00c7\u00c3O-CONQ-1-1.jpeg 1280w\" sizes=\"auto, (max-width: 500px) 100vw, 500px\" \/><\/a><\/p>\n<p>A nova Esta\u00e7\u00e3o Herzem Gusm\u00e3o recebeu, na manh\u00e3 deste domingo (9), os primeiros \u00f4nibus desde que come\u00e7ou a ser constru\u00edda, no dia 29 de abril do ano passado. Foi dia de teste, para verificar a opera\u00e7\u00e3o de entrada, sa\u00edda e tempo de perman\u00eancia nos pontos de parada.<\/p>\n<p>Toda a a\u00e7\u00e3o foi acompanhada, pessoalmente, pela prefeita Sheila Lemos, que chegou \u00e0 esta\u00e7\u00e3o \u00e0s 8 horas e permaneceu por todo o tempo dos testes. Na oportunidade, a prefeita confirmou a data da inaugura\u00e7\u00e3o: 2 de junho.<\/p>\n<p><a href=\"https:\/\/www.sudoestehoje.com.br\/novoportal\/wp-content\/uploads\/2021\/05\/ESTA\u00c7\u00c3O-CONQ-2.jpeg\"><img loading=\"lazy\" decoding=\"async\" class=\"aligncenter size-medium wp-image-94724\" src=\"https:\/\/www.sudoestehoje.com.br\/novoportal\/wp-content\/uploads\/2021\/05\/ESTA\u00c7\u00c3O-CONQ-2-500x230.jpeg\" alt=\"\" width=\"500\" height=\"230\" srcset=\"https:\/\/www.sudoestehoje.com.br\/novoportal\/wp-content\/uploads\/2021\/05\/ESTA\u00c7\u00c3O-CONQ-2-500x230.jpeg 500w, https:\/\/www.sudoestehoje.com.br\/novoportal\/wp-content\/uploads\/2021\/05\/ESTA\u00c7\u00c3O-CONQ-2-700x323.jpeg 700w, https:\/\/www.sudoestehoje.com.br\/novoportal\/wp-content\/uploads\/2021\/05\/ESTA\u00c7\u00c3O-CONQ-2-768x354.jpeg 768w, https:\/\/www.sudoestehoje.com.br\/novoportal\/wp-content\/uploads\/2021\/05\/ESTA\u00c7\u00c3O-CONQ-2.jpeg 1280w\" sizes=\"auto, (max-width: 500px) 100vw, 500px\" \/><\/a><\/p>\n<p>&#8220;Este equipamento \u00e9 uma das principais obras de mobilidade urbana da hist\u00f3ria de Vit\u00f3ria da Conquista, pensada e iniciada pelo prefeito Herzem Gusm\u00e3o, visando o conforto e seguran\u00e7a da popula\u00e7\u00e3o e a valoriza\u00e7\u00e3o deste espa\u00e7o da cidade&#8221;, destacou a Sheila.<\/p>\n<p>A prefeita elogiou o trabalho das equipes das secretarias de Mobilidade Urbana (Semob) e de Infraestrutura (Seinfra) pela agilidade da obra. &#8220;A integra\u00e7\u00e3o das secretarias tem como resultado benef\u00edcios para as pessoas, nossa prioridade absoluta, e foi o que vimos aqui, uma obra com prazo de 18 meses, que ser\u00e1 entregue em pouco mais de um ano&#8221;.<\/p>\n<p>O secret\u00e1rio Diego Gomes explicou que o teste com os \u00f4nibus era necess\u00e1rio para verificar cada uma das opera\u00e7\u00f5es, para evitar eventuais falhas e entregar uma esta\u00e7\u00e3o em que o usu\u00e1rio se sinta seguro e o funcionamento do equipamento atenda o objetivo para o qual foi projetado.<\/p>\n<p><a href=\"https:\/\/www.sudoestehoje.com.br\/novoportal\/wp-content\/uploads\/2021\/05\/ESTA\u00c7\u00c3O-CONQ-3.jpeg\"><img loading=\"lazy\" decoding=\"async\" class=\"aligncenter size-medium wp-image-94726\" src=\"https:\/\/www.sudoestehoje.com.br\/novoportal\/wp-content\/uploads\/2021\/05\/ESTA\u00c7\u00c3O-CONQ-3-500x230.jpeg\" alt=\"\" width=\"500\" height=\"230\" srcset=\"https:\/\/www.sudoestehoje.com.br\/novoportal\/wp-content\/uploads\/2021\/05\/ESTA\u00c7\u00c3O-CONQ-3-500x230.jpeg 500w, https:\/\/www.sudoestehoje.com.br\/novoportal\/wp-content\/uploads\/2021\/05\/ESTA\u00c7\u00c3O-CONQ-3-700x323.jpeg 700w, https:\/\/www.sudoestehoje.com.br\/novoportal\/wp-content\/uploads\/2021\/05\/ESTA\u00c7\u00c3O-CONQ-3-768x354.jpeg 768w, https:\/\/www.sudoestehoje.com.br\/novoportal\/wp-content\/uploads\/2021\/05\/ESTA\u00c7\u00c3O-CONQ-3.jpeg 1280w\" sizes=\"auto, (max-width: 500px) 100vw, 500px\" \/><\/a><\/p>\n<p>&#8220;A Esta\u00e7\u00e3o Herzem Gusm\u00e3o vai al\u00e9m do conforto e seguran\u00e7a de usu\u00e1rios do transporte coletivo, vai organizar o fluxo de tr\u00e2nsito na regi\u00e3o, facilitando a mobilidade e acessibilidade na via&#8221;, comentou Diego.<\/p>\n<p>A opera\u00e7\u00e3o de hoje verificou locais de entrada, parada e sa\u00edda; tempo m\u00e9dio de embarque e desembarque e tempo que os passageiros tendem a ficar na esta\u00e7\u00e3o. Foram utilizados 16 \u00f4nibus nos testes.<\/p>\n","protected":false},"excerpt":{"rendered":"<p>A nova Esta\u00e7\u00e3o Herzem Gusm\u00e3o recebeu, na manh\u00e3 deste domingo (9), os primeiros \u00f4nibus desde que come\u00e7ou a ser constru\u00edda, no dia 29 de abril do ano passado. Foi dia de teste, para verificar a opera\u00e7\u00e3o de entrada, sa\u00edda e tempo de perman\u00eancia nos pontos de parada. Toda a a\u00e7\u00e3o foi acompanhada, pessoalmente, pela prefeita [&hellip;]<\/p>\n","protected":false},"author":2,"featured_media":94725,"comment_status":"open","ping_status":"open","sticky":false,"template":"","format":"standard","meta":{"footnotes":"","_links_to":"","_links_to_target":""},"categories":[1],"tags":[],"class_list":["post-94720","post","type-post","status-publish","format-standard","has-post-thumbnail","hentry","category-geral"],"views":868,"_links":{"self":[{"href":"https:\/\/www.sudoestehoje.com.br\/novoportal\/wp-json\/wp\/v2\/posts\/94720","targetHints":{"allow":["GET"]}}],"collection":[{"href":"https:\/\/www.sudoestehoje.com.br\/novoportal\/wp-json\/wp\/v2\/posts"}],"about":[{"href":"https:\/\/www.sudoestehoje.com.br\/novoportal\/wp-json\/wp\/v2\/types\/post"}],"author":[{"embeddable":true,"href":"https:\/\/www.sudoestehoje.com.br\/novoportal\/wp-json\/wp\/v2\/users\/2"}],"replies":[{"embeddable":true,"href":"https:\/\/www.sudoestehoje.com.br\/novoportal\/wp-json\/wp\/v2\/comments?post=94720"}],"version-history":[{"count":3,"href":"https:\/\/www.sudoestehoje.com.br\/novoportal\/wp-json\/wp\/v2\/posts\/94720\/revisions"}],"predecessor-version":[{"id":94727,"href":"https:\/\/www.sudoestehoje.com.br\/novoportal\/wp-json\/wp\/v2\/posts\/94720\/revisions\/94727"}],"wp:featuredmedia":[{"embeddable":true,"href":"https:\/\/www.sudoestehoje.com.br\/novoportal\/wp-json\/wp\/v2\/media\/94725"}],"wp:attachment":[{"href":"https:\/\/www.sudoestehoje.com.br\/novoportal\/wp-json\/wp\/v2\/media?parent=94720"}],"wp:term":[{"taxonomy":"category","embeddable":true,"href":"https:\/\/www.sudoestehoje.com.br\/novoportal\/wp-json\/wp\/v2\/categories?post=94720"},{"taxonomy":"post_tag","embeddable":true,"href":"https:\/\/www.sudoestehoje.com.br\/novoportal\/wp-json\/wp\/v2\/tags?post=94720"}],"curies":[{"name":"wp","href":"https:\/\/api.w.org\/{rel}","templated":true}]}}