
{"id":94717,"date":"2021-05-09T18:47:06","date_gmt":"2021-05-09T21:47:06","guid":{"rendered":"https:\/\/www.sudoestehoje.com.br\/novoportal\/?p=94717"},"modified":"2021-05-09T19:26:26","modified_gmt":"2021-05-09T22:26:26","slug":"assaltantes-sao-linchados-ate-a-morte-por-moradores-de-feira-de-santana","status":"publish","type":"post","link":"https:\/\/www.sudoestehoje.com.br\/novoportal\/2021\/05\/09\/assaltantes-sao-linchados-ate-a-morte-por-moradores-de-feira-de-santana\/","title":{"rendered":"ASSALTANTES S\u00c3O LINCHADOS AT\u00c9 A MORTE POR MORADORES EM FEIRA DE SANTANA"},"content":{"rendered":"<div class=\"mc-column content-text active-extra-styles \" data-block-type=\"unstyled\" data-block-weight=\"43\" data-block-id=\"2\">\n<p data-track-category=\"Link no Texto\" data-track-links=\"\"><a href=\"https:\/\/www.sudoestehoje.com.br\/novoportal\/wp-content\/uploads\/2021\/05\/LINCHOU-1.jpg\"><img loading=\"lazy\" decoding=\"async\" class=\"aligncenter size-medium wp-image-94718\" src=\"https:\/\/www.sudoestehoje.com.br\/novoportal\/wp-content\/uploads\/2021\/05\/LINCHOU-1-500x340.jpg\" alt=\"\" width=\"500\" height=\"340\" srcset=\"https:\/\/www.sudoestehoje.com.br\/novoportal\/wp-content\/uploads\/2021\/05\/LINCHOU-1-500x340.jpg 500w, https:\/\/www.sudoestehoje.com.br\/novoportal\/wp-content\/uploads\/2021\/05\/LINCHOU-1-700x477.jpg 700w, https:\/\/www.sudoestehoje.com.br\/novoportal\/wp-content\/uploads\/2021\/05\/LINCHOU-1-768x523.jpg 768w, https:\/\/www.sudoestehoje.com.br\/novoportal\/wp-content\/uploads\/2021\/05\/LINCHOU-1.jpg 984w\" sizes=\"auto, (max-width: 500px) 100vw, 500px\" \/><\/a><\/p>\n<p class=\"content-text__container \" data-track-category=\"Link no Texto\" data-track-links=\"\">Dois homens suspeitos de cometer assaltos foram v\u00edtimas de linchamento, praticado por populares. O caso aconteceu no s\u00e1bado (8), em Feira de Santana, cidade que fica a cerca de 100 km de Salvador. Os dois mortos n\u00e3o foram identificados, at\u00e9 o momento.<\/p>\n<\/div>\n<div class=\"wall protected-content\">\n<div class=\"mc-column content-text active-extra-styles \" data-block-type=\"unstyled\" data-block-weight=\"43\" data-block-id=\"3\">\n<p class=\"content-text__container \" data-track-category=\"Link no Texto\" data-track-links=\"\">De acordo com a Pol\u00edcia Civil, a dupla estava praticando assaltos a transeuntes e estabelecimentos comerciais do bairro da Concei\u00e7\u00e3o, quando foi abordada por moradores da regi\u00e3o. Os suspeitos estavam em uma moto, com chassi adulterado. Eles tentaram fugir, mas foram alcan\u00e7ados.<\/p>\n<\/div>\n<div class=\"mc-column content-text active-extra-styles \" data-block-type=\"unstyled\" data-block-weight=\"37\" data-block-id=\"4\">\n<p class=\"content-text__container \" data-track-category=\"Link no Texto\" data-track-links=\"\">Ainda segundo a pol\u00edcia, os corpos foram encontrados na rua Paracatu e apresentam perfura\u00e7\u00f5es de disparos de arma de fogo, golpes de arma branca e e espancamento. Os dois foram encaminhados ao Departamento de Pol\u00edcia T\u00e9cnica.<\/p>\n<\/div>\n<\/div>\n","protected":false},"excerpt":{"rendered":"<p>Dois homens suspeitos de cometer assaltos foram v\u00edtimas de linchamento, praticado por populares. O caso aconteceu no s\u00e1bado (8), em Feira de Santana, cidade que fica a cerca de 100 km de Salvador. Os dois mortos n\u00e3o foram identificados, at\u00e9 o momento. De acordo com a Pol\u00edcia Civil, a dupla estava praticando assaltos a transeuntes [&hellip;]<\/p>\n","protected":false},"author":2,"featured_media":94718,"comment_status":"open","ping_status":"open","sticky":false,"template":"","format":"standard","meta":{"footnotes":"","_links_to":"","_links_to_target":""},"categories":[1],"tags":[],"class_list":["post-94717","post","type-post","status-publish","format-standard","has-post-thumbnail","hentry","category-geral"],"views":2478,"_links":{"self":[{"href":"https:\/\/www.sudoestehoje.com.br\/novoportal\/wp-json\/wp\/v2\/posts\/94717","targetHints":{"allow":["GET"]}}],"collection":[{"href":"https:\/\/www.sudoestehoje.com.br\/novoportal\/wp-json\/wp\/v2\/posts"}],"about":[{"href":"https:\/\/www.sudoestehoje.com.br\/novoportal\/wp-json\/wp\/v2\/types\/post"}],"author":[{"embeddable":true,"href":"https:\/\/www.sudoestehoje.com.br\/novoportal\/wp-json\/wp\/v2\/users\/2"}],"replies":[{"embeddable":true,"href":"https:\/\/www.sudoestehoje.com.br\/novoportal\/wp-json\/wp\/v2\/comments?post=94717"}],"version-history":[{"count":2,"href":"https:\/\/www.sudoestehoje.com.br\/novoportal\/wp-json\/wp\/v2\/posts\/94717\/revisions"}],"predecessor-version":[{"id":94728,"href":"https:\/\/www.sudoestehoje.com.br\/novoportal\/wp-json\/wp\/v2\/posts\/94717\/revisions\/94728"}],"wp:featuredmedia":[{"embeddable":true,"href":"https:\/\/www.sudoestehoje.com.br\/novoportal\/wp-json\/wp\/v2\/media\/94718"}],"wp:attachment":[{"href":"https:\/\/www.sudoestehoje.com.br\/novoportal\/wp-json\/wp\/v2\/media?parent=94717"}],"wp:term":[{"taxonomy":"category","embeddable":true,"href":"https:\/\/www.sudoestehoje.com.br\/novoportal\/wp-json\/wp\/v2\/categories?post=94717"},{"taxonomy":"post_tag","embeddable":true,"href":"https:\/\/www.sudoestehoje.com.br\/novoportal\/wp-json\/wp\/v2\/tags?post=94717"}],"curies":[{"name":"wp","href":"https:\/\/api.w.org\/{rel}","templated":true}]}}