
{"id":94693,"date":"2021-05-08T20:05:04","date_gmt":"2021-05-08T23:05:04","guid":{"rendered":"https:\/\/www.sudoestehoje.com.br\/novoportal\/?p=94693"},"modified":"2021-05-08T20:11:18","modified_gmt":"2021-05-08T23:11:18","slug":"itapetinga-manu-brandao-tem-encontro-com-sheila-lemos-prefeita-de-conquista","status":"publish","type":"post","link":"https:\/\/www.sudoestehoje.com.br\/novoportal\/2021\/05\/08\/itapetinga-manu-brandao-tem-encontro-com-sheila-lemos-prefeita-de-conquista\/","title":{"rendered":"ITAPETINGA: MANU BRAND\u00c3O TEM ENCONTRO COM SHEILA LEMOS, PREFEITA DE CONQUISTA"},"content":{"rendered":"<p><a href=\"https:\/\/www.sudoestehoje.com.br\/novoportal\/wp-content\/uploads\/2021\/05\/manu-e-sheila.jpeg\"><img loading=\"lazy\" decoding=\"async\" class=\"aligncenter size-medium wp-image-94695\" src=\"https:\/\/www.sudoestehoje.com.br\/novoportal\/wp-content\/uploads\/2021\/05\/manu-e-sheila-500x359.jpeg\" alt=\"\" width=\"500\" height=\"359\" srcset=\"https:\/\/www.sudoestehoje.com.br\/novoportal\/wp-content\/uploads\/2021\/05\/manu-e-sheila-500x359.jpeg 500w, https:\/\/www.sudoestehoje.com.br\/novoportal\/wp-content\/uploads\/2021\/05\/manu-e-sheila-700x502.jpeg 700w, https:\/\/www.sudoestehoje.com.br\/novoportal\/wp-content\/uploads\/2021\/05\/manu-e-sheila-768x551.jpeg 768w, https:\/\/www.sudoestehoje.com.br\/novoportal\/wp-content\/uploads\/2021\/05\/manu-e-sheila.jpeg 880w\" sizes=\"auto, (max-width: 500px) 100vw, 500px\" \/><\/a><\/p>\n<p>Nesta sexta-feira (7), a vereadora Manu Brand\u00e3o (MDB) se reuniu com a prefeita Sheila\u00a0 Lemos (DEM), de Vit\u00f3ria da Conquista, e os vereadores Pr. Orlando Filho e Subtenente Muniz, na <em>&#8216;capital do sudoeste baiano<\/em>&#8216;.<\/p>\n<p>Segundo Manu, a conversa girou em torno da pol\u00edtica regional e estadual, com o objetivo de criar parcerias e construir uma nova roupagem pol\u00edtica na Bahia, fortalecendo os munic\u00edpios da regi\u00e3o.<\/p>\n<p><a href=\"https:\/\/www.sudoestehoje.com.br\/novoportal\/wp-content\/uploads\/2021\/05\/manu-conquista-1.jpeg\"><img loading=\"lazy\" decoding=\"async\" class=\"aligncenter size-medium wp-image-94696\" src=\"https:\/\/www.sudoestehoje.com.br\/novoportal\/wp-content\/uploads\/2021\/05\/manu-conquista-1-500x311.jpeg\" alt=\"\" width=\"500\" height=\"311\" srcset=\"https:\/\/www.sudoestehoje.com.br\/novoportal\/wp-content\/uploads\/2021\/05\/manu-conquista-1-500x311.jpeg 500w, https:\/\/www.sudoestehoje.com.br\/novoportal\/wp-content\/uploads\/2021\/05\/manu-conquista-1-700x436.jpeg 700w, https:\/\/www.sudoestehoje.com.br\/novoportal\/wp-content\/uploads\/2021\/05\/manu-conquista-1-768x478.jpeg 768w, https:\/\/www.sudoestehoje.com.br\/novoportal\/wp-content\/uploads\/2021\/05\/manu-conquista-1.jpeg 1124w\" sizes=\"auto, (max-width: 500px) 100vw, 500px\" \/><\/a><\/p>\n<p>Na C\u00e2mara Municipal de Vitoria da Conquista, Manu Brand\u00e3o foi recepcionada por um grupo de vereadores e ressaltou a necessidade de uma parceria permanente entre os dois munic\u00edpios, envolvendo a prefeita Sheila Lemos e Rodrigo Hagge, lideran\u00e7as novas e promissoras do Sudoeste.<\/p>\n<p><a href=\"https:\/\/www.sudoestehoje.com.br\/novoportal\/wp-content\/uploads\/2021\/05\/manu-conquista-2.jpeg\"><img loading=\"lazy\" decoding=\"async\" class=\"aligncenter size-medium wp-image-94697\" src=\"https:\/\/www.sudoestehoje.com.br\/novoportal\/wp-content\/uploads\/2021\/05\/manu-conquista-2-500x344.jpeg\" alt=\"\" width=\"500\" height=\"344\" srcset=\"https:\/\/www.sudoestehoje.com.br\/novoportal\/wp-content\/uploads\/2021\/05\/manu-conquista-2-500x344.jpeg 500w, https:\/\/www.sudoestehoje.com.br\/novoportal\/wp-content\/uploads\/2021\/05\/manu-conquista-2-700x482.jpeg 700w, https:\/\/www.sudoestehoje.com.br\/novoportal\/wp-content\/uploads\/2021\/05\/manu-conquista-2-768x529.jpeg 768w, https:\/\/www.sudoestehoje.com.br\/novoportal\/wp-content\/uploads\/2021\/05\/manu-conquista-2.jpeg 1037w\" sizes=\"auto, (max-width: 500px) 100vw, 500px\" \/><\/a><\/p>\n<p>Nas redes sociais, Manu agradeceu o convite formulado pela prefeita conquistense e pelos vereadores, ressaltando o carinho e a receptividade da gestora municipal e seus aliados.<\/p>\n<p><strong><em>Por Davi Ferraz<\/em><\/strong><\/p>\n","protected":false},"excerpt":{"rendered":"<p>Nesta sexta-feira (7), a vereadora Manu Brand\u00e3o (MDB) se reuniu com a prefeita Sheila\u00a0 Lemos (DEM), de Vit\u00f3ria da Conquista, e os vereadores Pr. Orlando Filho e Subtenente Muniz, na &#8216;capital do sudoeste baiano&#8216;. Segundo Manu, a conversa girou em torno da pol\u00edtica regional e estadual, com o objetivo de criar parcerias e construir uma [&hellip;]<\/p>\n","protected":false},"author":2,"featured_media":94695,"comment_status":"open","ping_status":"open","sticky":false,"template":"","format":"standard","meta":{"footnotes":"","_links_to":"","_links_to_target":""},"categories":[1],"tags":[],"class_list":["post-94693","post","type-post","status-publish","format-standard","has-post-thumbnail","hentry","category-geral"],"views":1130,"_links":{"self":[{"href":"https:\/\/www.sudoestehoje.com.br\/novoportal\/wp-json\/wp\/v2\/posts\/94693","targetHints":{"allow":["GET"]}}],"collection":[{"href":"https:\/\/www.sudoestehoje.com.br\/novoportal\/wp-json\/wp\/v2\/posts"}],"about":[{"href":"https:\/\/www.sudoestehoje.com.br\/novoportal\/wp-json\/wp\/v2\/types\/post"}],"author":[{"embeddable":true,"href":"https:\/\/www.sudoestehoje.com.br\/novoportal\/wp-json\/wp\/v2\/users\/2"}],"replies":[{"embeddable":true,"href":"https:\/\/www.sudoestehoje.com.br\/novoportal\/wp-json\/wp\/v2\/comments?post=94693"}],"version-history":[{"count":4,"href":"https:\/\/www.sudoestehoje.com.br\/novoportal\/wp-json\/wp\/v2\/posts\/94693\/revisions"}],"predecessor-version":[{"id":94700,"href":"https:\/\/www.sudoestehoje.com.br\/novoportal\/wp-json\/wp\/v2\/posts\/94693\/revisions\/94700"}],"wp:featuredmedia":[{"embeddable":true,"href":"https:\/\/www.sudoestehoje.com.br\/novoportal\/wp-json\/wp\/v2\/media\/94695"}],"wp:attachment":[{"href":"https:\/\/www.sudoestehoje.com.br\/novoportal\/wp-json\/wp\/v2\/media?parent=94693"}],"wp:term":[{"taxonomy":"category","embeddable":true,"href":"https:\/\/www.sudoestehoje.com.br\/novoportal\/wp-json\/wp\/v2\/categories?post=94693"},{"taxonomy":"post_tag","embeddable":true,"href":"https:\/\/www.sudoestehoje.com.br\/novoportal\/wp-json\/wp\/v2\/tags?post=94693"}],"curies":[{"name":"wp","href":"https:\/\/api.w.org\/{rel}","templated":true}]}}