
{"id":94681,"date":"2021-05-07T10:14:58","date_gmt":"2021-05-07T13:14:58","guid":{"rendered":"https:\/\/www.sudoestehoje.com.br\/novoportal\/?p=94681"},"modified":"2021-05-07T10:20:00","modified_gmt":"2021-05-07T13:20:00","slug":"sao-paulo-prefeito-bruno-covas-passa-por-radioterapia-para-conter-sangramento","status":"publish","type":"post","link":"https:\/\/www.sudoestehoje.com.br\/novoportal\/2021\/05\/07\/sao-paulo-prefeito-bruno-covas-passa-por-radioterapia-para-conter-sangramento\/","title":{"rendered":"S\u00c3O PAULO: PREFEITO BRUNO COVAS PASSA POR RADIOTERAPIA PARA CONTER SANGRAMENTO"},"content":{"rendered":"<p><a href=\"https:\/\/www.sudoestehoje.com.br\/novoportal\/wp-content\/uploads\/2021\/05\/BRUNO-COVAS-HOSPITAL.jpg\"><img loading=\"lazy\" decoding=\"async\" class=\"aligncenter size-medium wp-image-94683\" src=\"https:\/\/www.sudoestehoje.com.br\/novoportal\/wp-content\/uploads\/2021\/05\/BRUNO-COVAS-HOSPITAL-500x410.jpg\" alt=\"\" width=\"500\" height=\"410\" srcset=\"https:\/\/www.sudoestehoje.com.br\/novoportal\/wp-content\/uploads\/2021\/05\/BRUNO-COVAS-HOSPITAL-500x410.jpg 500w, https:\/\/www.sudoestehoje.com.br\/novoportal\/wp-content\/uploads\/2021\/05\/BRUNO-COVAS-HOSPITAL-700x573.jpg 700w, https:\/\/www.sudoestehoje.com.br\/novoportal\/wp-content\/uploads\/2021\/05\/BRUNO-COVAS-HOSPITAL-768x629.jpg 768w, https:\/\/www.sudoestehoje.com.br\/novoportal\/wp-content\/uploads\/2021\/05\/BRUNO-COVAS-HOSPITAL.jpg 984w\" sizes=\"auto, (max-width: 500px) 100vw, 500px\" \/><\/a><\/p>\n<p>O prefeito licenciado de S\u00e3o Paulo, Bruno Covas, passou por uma radioterapia para controlar um sangramento residual no est\u00f4mago, que foi detectado por um novo exame de endoscopia digestiva alta. A informa\u00e7\u00e3o foi divulgada pelo Hospital S\u00edrio-Liban\u00eas, onde Covas est\u00e1 internado desde o \u00faltimo domingo (2).<img decoding=\"async\" src=\"https:\/\/agenciabrasil.ebc.com.br\/ebc.png?id=1408962&amp;o=node\" data-pin-no-hover=\"true\" \/><img decoding=\"async\" src=\"https:\/\/agenciabrasil.ebc.com.br\/ebc.gif?id=1408962&amp;o=node\" data-pin-no-hover=\"true\" \/><\/p>\n<p>Segundo o boletim m\u00e9dico, o quadro cl\u00ednico de Covas \u00e9 est\u00e1vel, e n\u00e3o h\u00e1 previs\u00e3o de alta hospitalar.<\/p>\n<p>Em suas redes sociais, Covas escreveu que est\u00e1 bem e em companhia da fam\u00edlia, \u201cseguindo com disciplina o tratamento determinado\u201d pela equipe m\u00e9dica. \u201cUm passo de cada vez. Com f\u00e9 e dedica\u00e7\u00e3o, tenho certeza de que vou vencer. Obrigado pelo carinho e apoio de todos voc\u00eas\u201d, diz a mensagem.<\/p>\n","protected":false},"excerpt":{"rendered":"<p>O prefeito licenciado de S\u00e3o Paulo, Bruno Covas, passou por uma radioterapia para controlar um sangramento residual no est\u00f4mago, que foi detectado por um novo exame de endoscopia digestiva alta. A informa\u00e7\u00e3o foi divulgada pelo Hospital S\u00edrio-Liban\u00eas, onde Covas est\u00e1 internado desde o \u00faltimo domingo (2). Segundo o boletim m\u00e9dico, o quadro cl\u00ednico de Covas [&hellip;]<\/p>\n","protected":false},"author":2,"featured_media":94683,"comment_status":"open","ping_status":"open","sticky":false,"template":"","format":"standard","meta":{"footnotes":"","_links_to":"","_links_to_target":""},"categories":[1],"tags":[],"class_list":["post-94681","post","type-post","status-publish","format-standard","has-post-thumbnail","hentry","category-geral"],"views":721,"_links":{"self":[{"href":"https:\/\/www.sudoestehoje.com.br\/novoportal\/wp-json\/wp\/v2\/posts\/94681","targetHints":{"allow":["GET"]}}],"collection":[{"href":"https:\/\/www.sudoestehoje.com.br\/novoportal\/wp-json\/wp\/v2\/posts"}],"about":[{"href":"https:\/\/www.sudoestehoje.com.br\/novoportal\/wp-json\/wp\/v2\/types\/post"}],"author":[{"embeddable":true,"href":"https:\/\/www.sudoestehoje.com.br\/novoportal\/wp-json\/wp\/v2\/users\/2"}],"replies":[{"embeddable":true,"href":"https:\/\/www.sudoestehoje.com.br\/novoportal\/wp-json\/wp\/v2\/comments?post=94681"}],"version-history":[{"count":2,"href":"https:\/\/www.sudoestehoje.com.br\/novoportal\/wp-json\/wp\/v2\/posts\/94681\/revisions"}],"predecessor-version":[{"id":94684,"href":"https:\/\/www.sudoestehoje.com.br\/novoportal\/wp-json\/wp\/v2\/posts\/94681\/revisions\/94684"}],"wp:featuredmedia":[{"embeddable":true,"href":"https:\/\/www.sudoestehoje.com.br\/novoportal\/wp-json\/wp\/v2\/media\/94683"}],"wp:attachment":[{"href":"https:\/\/www.sudoestehoje.com.br\/novoportal\/wp-json\/wp\/v2\/media?parent=94681"}],"wp:term":[{"taxonomy":"category","embeddable":true,"href":"https:\/\/www.sudoestehoje.com.br\/novoportal\/wp-json\/wp\/v2\/categories?post=94681"},{"taxonomy":"post_tag","embeddable":true,"href":"https:\/\/www.sudoestehoje.com.br\/novoportal\/wp-json\/wp\/v2\/tags?post=94681"}],"curies":[{"name":"wp","href":"https:\/\/api.w.org\/{rel}","templated":true}]}}