
{"id":94677,"date":"2021-05-07T09:20:12","date_gmt":"2021-05-07T12:20:12","guid":{"rendered":"https:\/\/www.sudoestehoje.com.br\/novoportal\/?p=94677"},"modified":"2021-05-07T09:20:12","modified_gmt":"2021-05-07T12:20:12","slug":"ilheus-cadeirante-quebra-fachada-de-vidro-da-camara-de-vereadores-com-martelo","status":"publish","type":"post","link":"https:\/\/www.sudoestehoje.com.br\/novoportal\/2021\/05\/07\/ilheus-cadeirante-quebra-fachada-de-vidro-da-camara-de-vereadores-com-martelo\/","title":{"rendered":"ILH\u00c9US: CADEIRANTE QUEBRA FACHADA DE VIDRO DA C\u00c2MARA DE VEREADORES COM MARTELO"},"content":{"rendered":"<p><a href=\"https:\/\/www.sudoestehoje.com.br\/novoportal\/wp-content\/uploads\/2021\/05\/CADEIRANTE-ILHEUS.jpg\"><img loading=\"lazy\" decoding=\"async\" class=\"aligncenter size-medium wp-image-94679\" src=\"https:\/\/www.sudoestehoje.com.br\/novoportal\/wp-content\/uploads\/2021\/05\/CADEIRANTE-ILHEUS-500x334.jpg\" alt=\"\" width=\"500\" height=\"334\" srcset=\"https:\/\/www.sudoestehoje.com.br\/novoportal\/wp-content\/uploads\/2021\/05\/CADEIRANTE-ILHEUS-500x334.jpg 500w, https:\/\/www.sudoestehoje.com.br\/novoportal\/wp-content\/uploads\/2021\/05\/CADEIRANTE-ILHEUS.jpg 640w\" sizes=\"auto, (max-width: 500px) 100vw, 500px\" \/><\/a><\/p>\n<p>Um homem, que n\u00e3o teve a identidade revelada, tentou quebrar a fachada de vidro da sede da C\u00e2mara Municipal de Ilh\u00e9us, no Sul da Bahia, nesta quinta-feira (6). \u00c0 Pol\u00edcia, ele disse que teve uma crise de ci\u00fames da ex-companheira que estaria tendo um caso com algu\u00e9m que trabalha no local.<\/p>\n<p>O momento foi registrado em v\u00eddeo e compartilhado nas Redes Sociais. Nas imagens, \u00e9 poss\u00edvel ver cadeirante dando golpes na fachada da C\u00e2mara, com o que parece ser um martelo. O Parlamento Ilheense lamentou o ocorrido e informou que encaminhou o caso para a Pol\u00edcia Civil.<\/p>\n<p>O infrator ir\u00e1 responder por dano qualificado ao patrim\u00f4nio p\u00fablico.<\/p>\n","protected":false},"excerpt":{"rendered":"<p>Um homem, que n\u00e3o teve a identidade revelada, tentou quebrar a fachada de vidro da sede da C\u00e2mara Municipal de Ilh\u00e9us, no Sul da Bahia, nesta quinta-feira (6). \u00c0 Pol\u00edcia, ele disse que teve uma crise de ci\u00fames da ex-companheira que estaria tendo um caso com algu\u00e9m que trabalha no local. O momento foi registrado [&hellip;]<\/p>\n","protected":false},"author":2,"featured_media":94678,"comment_status":"open","ping_status":"open","sticky":false,"template":"","format":"standard","meta":{"footnotes":"","_links_to":"","_links_to_target":""},"categories":[1],"tags":[],"class_list":["post-94677","post","type-post","status-publish","format-standard","has-post-thumbnail","hentry","category-geral"],"views":1199,"_links":{"self":[{"href":"https:\/\/www.sudoestehoje.com.br\/novoportal\/wp-json\/wp\/v2\/posts\/94677","targetHints":{"allow":["GET"]}}],"collection":[{"href":"https:\/\/www.sudoestehoje.com.br\/novoportal\/wp-json\/wp\/v2\/posts"}],"about":[{"href":"https:\/\/www.sudoestehoje.com.br\/novoportal\/wp-json\/wp\/v2\/types\/post"}],"author":[{"embeddable":true,"href":"https:\/\/www.sudoestehoje.com.br\/novoportal\/wp-json\/wp\/v2\/users\/2"}],"replies":[{"embeddable":true,"href":"https:\/\/www.sudoestehoje.com.br\/novoportal\/wp-json\/wp\/v2\/comments?post=94677"}],"version-history":[{"count":1,"href":"https:\/\/www.sudoestehoje.com.br\/novoportal\/wp-json\/wp\/v2\/posts\/94677\/revisions"}],"predecessor-version":[{"id":94680,"href":"https:\/\/www.sudoestehoje.com.br\/novoportal\/wp-json\/wp\/v2\/posts\/94677\/revisions\/94680"}],"wp:featuredmedia":[{"embeddable":true,"href":"https:\/\/www.sudoestehoje.com.br\/novoportal\/wp-json\/wp\/v2\/media\/94678"}],"wp:attachment":[{"href":"https:\/\/www.sudoestehoje.com.br\/novoportal\/wp-json\/wp\/v2\/media?parent=94677"}],"wp:term":[{"taxonomy":"category","embeddable":true,"href":"https:\/\/www.sudoestehoje.com.br\/novoportal\/wp-json\/wp\/v2\/categories?post=94677"},{"taxonomy":"post_tag","embeddable":true,"href":"https:\/\/www.sudoestehoje.com.br\/novoportal\/wp-json\/wp\/v2\/tags?post=94677"}],"curies":[{"name":"wp","href":"https:\/\/api.w.org\/{rel}","templated":true}]}}