
{"id":94658,"date":"2021-05-06T13:46:18","date_gmt":"2021-05-06T16:46:18","guid":{"rendered":"https:\/\/www.sudoestehoje.com.br\/novoportal\/?p=94658"},"modified":"2021-05-06T13:51:36","modified_gmt":"2021-05-06T16:51:36","slug":"valquirao-de-suplente-a-presidente","status":"publish","type":"post","link":"https:\/\/www.sudoestehoje.com.br\/novoportal\/2021\/05\/06\/valquirao-de-suplente-a-presidente\/","title":{"rendered":"VALQUIR\u00c3O: DE SUPLENTE A PRESIDENTE"},"content":{"rendered":"<p><a href=\"https:\/\/www.sudoestehoje.com.br\/novoportal\/wp-content\/uploads\/2021\/05\/valquir\u00e3o-presidente.jpeg\"><img loading=\"lazy\" decoding=\"async\" class=\"aligncenter size-medium wp-image-94663\" src=\"https:\/\/www.sudoestehoje.com.br\/novoportal\/wp-content\/uploads\/2021\/05\/valquir\u00e3o-presidente-500x375.jpeg\" alt=\"\" width=\"500\" height=\"375\" srcset=\"https:\/\/www.sudoestehoje.com.br\/novoportal\/wp-content\/uploads\/2021\/05\/valquir\u00e3o-presidente-500x375.jpeg 500w, https:\/\/www.sudoestehoje.com.br\/novoportal\/wp-content\/uploads\/2021\/05\/valquir\u00e3o-presidente-700x525.jpeg 700w, https:\/\/www.sudoestehoje.com.br\/novoportal\/wp-content\/uploads\/2021\/05\/valquir\u00e3o-presidente-768x576.jpeg 768w, https:\/\/www.sudoestehoje.com.br\/novoportal\/wp-content\/uploads\/2021\/05\/valquir\u00e3o-presidente.jpeg 1280w\" sizes=\"auto, (max-width: 500px) 100vw, 500px\" \/><\/a><\/p>\n<p>Uma surpreendente reviravolta aconteceu nesta quinta-feira (6) na c\u00e2mara de vereadores de Itapetinga: o vereador Valqu\u00edrio Lima, que at\u00e9 a semana passada era apenas o primeiro-suplente do PSD, ocupou a vaga deixada pelo falecimento do vereador L\u00e9o Matos e, ainda por cima, conseguiu se eleger presidente da Casa Legislativa..<\/p>\n<p>A articula\u00e7\u00e3o obedeceu ao acordo realizado em dezembro pelas lideran\u00e7as pol\u00edticas que apoiam o prefeito Rodrigo Hagge (MDB), para que o PSD elegesse a presid\u00eancia da c\u00e2mara, que acabou recaindo sobre o vereador L\u00e9o Matos, candidato mais votado do partido.<\/p>\n<p><a href=\"https:\/\/www.sudoestehoje.com.br\/novoportal\/wp-content\/uploads\/2021\/05\/VALQUIR\u00c3O-E-RODRIGO.jpeg\"><img loading=\"lazy\" decoding=\"async\" class=\"aligncenter size-medium wp-image-94666\" src=\"https:\/\/www.sudoestehoje.com.br\/novoportal\/wp-content\/uploads\/2021\/05\/VALQUIR\u00c3O-E-RODRIGO-500x375.jpeg\" alt=\"\" width=\"500\" height=\"375\" srcset=\"https:\/\/www.sudoestehoje.com.br\/novoportal\/wp-content\/uploads\/2021\/05\/VALQUIR\u00c3O-E-RODRIGO-500x375.jpeg 500w, https:\/\/www.sudoestehoje.com.br\/novoportal\/wp-content\/uploads\/2021\/05\/VALQUIR\u00c3O-E-RODRIGO-700x525.jpeg 700w, https:\/\/www.sudoestehoje.com.br\/novoportal\/wp-content\/uploads\/2021\/05\/VALQUIR\u00c3O-E-RODRIGO-768x576.jpeg 768w, https:\/\/www.sudoestehoje.com.br\/novoportal\/wp-content\/uploads\/2021\/05\/VALQUIR\u00c3O-E-RODRIGO.jpeg 1280w\" sizes=\"auto, (max-width: 500px) 100vw, 500px\" \/><\/a><\/p>\n<p>Diante da necessidade de elei\u00e7\u00e3o de um novo presidente, o acordo foi mantido e o PSD indicou, para concorrer ao cargo, o vereador rec\u00e9m empossado Valquir\u00e3o, que acabou sendo eleito por 14 votos afavor e uma absten\u00e7\u00e3o. O outro vereador da bancada do PSD, pastor Evandro, abriu m\u00e3o da indica\u00e7\u00e3o, em favor de Valquir\u00e3o.<\/p>\n<p>Na articula\u00e7\u00e3o, o prefeito Rodrigo Hagge ampliou a sua base de apoio, passando a contar com a &#8220;boa vontade&#8221; da oposi\u00e7\u00e3o, que tamb\u00e9m apoiou o nome de Valquir\u00e3o para presidente.<\/p>\n<p>Valqu\u00edrio Lima assume a presid\u00eancia da C\u00e2mara de Vereadores de Itapetinga para o bi\u00eanio 2021\/2022.<\/p>\n<p><strong><em>Por Davi Ferraz<\/em><\/strong><\/p>\n","protected":false},"excerpt":{"rendered":"<p>Uma surpreendente reviravolta aconteceu nesta quinta-feira (6) na c\u00e2mara de vereadores de Itapetinga: o vereador Valqu\u00edrio Lima, que at\u00e9 a semana passada era apenas o primeiro-suplente do PSD, ocupou a vaga deixada pelo falecimento do vereador L\u00e9o Matos e, ainda por cima, conseguiu se eleger presidente da Casa Legislativa.. A articula\u00e7\u00e3o obedeceu ao acordo realizado [&hellip;]<\/p>\n","protected":false},"author":2,"featured_media":94663,"comment_status":"open","ping_status":"open","sticky":false,"template":"","format":"standard","meta":{"footnotes":"","_links_to":"","_links_to_target":""},"categories":[1],"tags":[],"class_list":["post-94658","post","type-post","status-publish","format-standard","has-post-thumbnail","hentry","category-geral"],"views":1156,"_links":{"self":[{"href":"https:\/\/www.sudoestehoje.com.br\/novoportal\/wp-json\/wp\/v2\/posts\/94658","targetHints":{"allow":["GET"]}}],"collection":[{"href":"https:\/\/www.sudoestehoje.com.br\/novoportal\/wp-json\/wp\/v2\/posts"}],"about":[{"href":"https:\/\/www.sudoestehoje.com.br\/novoportal\/wp-json\/wp\/v2\/types\/post"}],"author":[{"embeddable":true,"href":"https:\/\/www.sudoestehoje.com.br\/novoportal\/wp-json\/wp\/v2\/users\/2"}],"replies":[{"embeddable":true,"href":"https:\/\/www.sudoestehoje.com.br\/novoportal\/wp-json\/wp\/v2\/comments?post=94658"}],"version-history":[{"count":5,"href":"https:\/\/www.sudoestehoje.com.br\/novoportal\/wp-json\/wp\/v2\/posts\/94658\/revisions"}],"predecessor-version":[{"id":94667,"href":"https:\/\/www.sudoestehoje.com.br\/novoportal\/wp-json\/wp\/v2\/posts\/94658\/revisions\/94667"}],"wp:featuredmedia":[{"embeddable":true,"href":"https:\/\/www.sudoestehoje.com.br\/novoportal\/wp-json\/wp\/v2\/media\/94663"}],"wp:attachment":[{"href":"https:\/\/www.sudoestehoje.com.br\/novoportal\/wp-json\/wp\/v2\/media?parent=94658"}],"wp:term":[{"taxonomy":"category","embeddable":true,"href":"https:\/\/www.sudoestehoje.com.br\/novoportal\/wp-json\/wp\/v2\/categories?post=94658"},{"taxonomy":"post_tag","embeddable":true,"href":"https:\/\/www.sudoestehoje.com.br\/novoportal\/wp-json\/wp\/v2\/tags?post=94658"}],"curies":[{"name":"wp","href":"https:\/\/api.w.org\/{rel}","templated":true}]}}