
{"id":94629,"date":"2021-05-04T22:20:37","date_gmt":"2021-05-05T01:20:37","guid":{"rendered":"https:\/\/www.sudoestehoje.com.br\/novoportal\/?p=94629"},"modified":"2021-05-04T22:20:37","modified_gmt":"2021-05-05T01:20:37","slug":"morre-paulo-gustavo-aos-42-anos-em-decorrencia-da-covid-19","status":"publish","type":"post","link":"https:\/\/www.sudoestehoje.com.br\/novoportal\/2021\/05\/04\/morre-paulo-gustavo-aos-42-anos-em-decorrencia-da-covid-19\/","title":{"rendered":"MORRE PAULO GUSTAVO, AOS 42 ANOS, EM DECORR\u00caNCIA DA COVID-19"},"content":{"rendered":"<p><a href=\"https:\/\/www.sudoestehoje.com.br\/novoportal\/wp-content\/uploads\/2021\/05\/PAULO-GUSTAVO-MORRE.jpg\"><img loading=\"lazy\" decoding=\"async\" class=\"aligncenter size-medium wp-image-94631\" src=\"https:\/\/www.sudoestehoje.com.br\/novoportal\/wp-content\/uploads\/2021\/05\/PAULO-GUSTAVO-MORRE-500x263.jpg\" alt=\"\" width=\"500\" height=\"263\" srcset=\"https:\/\/www.sudoestehoje.com.br\/novoportal\/wp-content\/uploads\/2021\/05\/PAULO-GUSTAVO-MORRE-500x263.jpg 500w, https:\/\/www.sudoestehoje.com.br\/novoportal\/wp-content\/uploads\/2021\/05\/PAULO-GUSTAVO-MORRE-700x368.jpg 700w, https:\/\/www.sudoestehoje.com.br\/novoportal\/wp-content\/uploads\/2021\/05\/PAULO-GUSTAVO-MORRE-768x403.jpg 768w, https:\/\/www.sudoestehoje.com.br\/novoportal\/wp-content\/uploads\/2021\/05\/PAULO-GUSTAVO-MORRE.jpg 1200w\" sizes=\"auto, (max-width: 500px) 100vw, 500px\" \/><\/a><\/p>\n<p>O ator Paulo Gustavo morreu hoje, aos 42 anos, em decorr\u00eancia da covid-19. A informa\u00e7\u00e3o foi confirmada pela equipe do ator ao UOL. Ele estava internado no Rio desde o dia 13 de mar\u00e7o.<\/p>\n<p><em> &#8220;\u00c0s 21h12 desta ter\u00e7a-feira, 04\/05, lamentavelmente o paciente Paulo Gustavo Monteiro faleceu, v\u00edtima da covid-19 e suas complica\u00e7\u00f5es. Em todos os momentos de sua interna\u00e7\u00e3o, tanto o paciente quanto os seus familiares e amigos pr\u00f3ximos tiveram condutas irretoc\u00e1veis, transmitindo confian\u00e7a na equipe m\u00e9dica e nos demais profissionais que participaram de seu tratamento&#8221;<\/em>, disse a nota.<\/p>\n<p><em>&#8220;A equipe profissional que participou de seu tratamento est\u00e1 profundamente consternada e solid\u00e1ria ao sofrimento de todos.&#8221; <\/em><\/p>\n<p>No hospital, o humorista ficou em estado grave e foi tratado com ECMO, uma esp\u00e9cie de pulm\u00e3o artificial. Ontem, ele teve f\u00edstulas que causaram o vazamento de ar do pulm\u00e3o e desencadearam uma embolia gasosa \u2014 quando vasos sangu\u00edneos s\u00e3o obstru\u00eddos por bolhas de ar.<\/p>\n<p>O boletim de ontem indicava que a situa\u00e7\u00e3o cl\u00ednica era &#8220;inst\u00e1vel e de extrema gravidade&#8221;. Ap\u00f3s a piora, diversos amigos mandaram mensagens de apoio para o humorista, como Tat\u00e1 Werneck, Ingrid Guimar\u00e3es e M\u00f4nica Martelli. Paulo Gustavo deixa o marido, o m\u00e9dico Thales Bretas, e dois filhos.<\/p>\n","protected":false},"excerpt":{"rendered":"<p>O ator Paulo Gustavo morreu hoje, aos 42 anos, em decorr\u00eancia da covid-19. A informa\u00e7\u00e3o foi confirmada pela equipe do ator ao UOL. Ele estava internado no Rio desde o dia 13 de mar\u00e7o. &#8220;\u00c0s 21h12 desta ter\u00e7a-feira, 04\/05, lamentavelmente o paciente Paulo Gustavo Monteiro faleceu, v\u00edtima da covid-19 e suas complica\u00e7\u00f5es. Em todos os [&hellip;]<\/p>\n","protected":false},"author":2,"featured_media":94631,"comment_status":"open","ping_status":"open","sticky":false,"template":"","format":"standard","meta":{"footnotes":"","_links_to":"","_links_to_target":""},"categories":[1],"tags":[],"class_list":["post-94629","post","type-post","status-publish","format-standard","has-post-thumbnail","hentry","category-geral"],"views":938,"_links":{"self":[{"href":"https:\/\/www.sudoestehoje.com.br\/novoportal\/wp-json\/wp\/v2\/posts\/94629","targetHints":{"allow":["GET"]}}],"collection":[{"href":"https:\/\/www.sudoestehoje.com.br\/novoportal\/wp-json\/wp\/v2\/posts"}],"about":[{"href":"https:\/\/www.sudoestehoje.com.br\/novoportal\/wp-json\/wp\/v2\/types\/post"}],"author":[{"embeddable":true,"href":"https:\/\/www.sudoestehoje.com.br\/novoportal\/wp-json\/wp\/v2\/users\/2"}],"replies":[{"embeddable":true,"href":"https:\/\/www.sudoestehoje.com.br\/novoportal\/wp-json\/wp\/v2\/comments?post=94629"}],"version-history":[{"count":2,"href":"https:\/\/www.sudoestehoje.com.br\/novoportal\/wp-json\/wp\/v2\/posts\/94629\/revisions"}],"predecessor-version":[{"id":94632,"href":"https:\/\/www.sudoestehoje.com.br\/novoportal\/wp-json\/wp\/v2\/posts\/94629\/revisions\/94632"}],"wp:featuredmedia":[{"embeddable":true,"href":"https:\/\/www.sudoestehoje.com.br\/novoportal\/wp-json\/wp\/v2\/media\/94631"}],"wp:attachment":[{"href":"https:\/\/www.sudoestehoje.com.br\/novoportal\/wp-json\/wp\/v2\/media?parent=94629"}],"wp:term":[{"taxonomy":"category","embeddable":true,"href":"https:\/\/www.sudoestehoje.com.br\/novoportal\/wp-json\/wp\/v2\/categories?post=94629"},{"taxonomy":"post_tag","embeddable":true,"href":"https:\/\/www.sudoestehoje.com.br\/novoportal\/wp-json\/wp\/v2\/tags?post=94629"}],"curies":[{"name":"wp","href":"https:\/\/api.w.org\/{rel}","templated":true}]}}