
{"id":94626,"date":"2021-05-04T21:43:14","date_gmt":"2021-05-05T00:43:14","guid":{"rendered":"https:\/\/www.sudoestehoje.com.br\/novoportal\/?p=94626"},"modified":"2021-05-04T21:43:14","modified_gmt":"2021-05-05T00:43:14","slug":"itapetinga-pode-perder-unico-secretario-no-governo-de-rui-costa","status":"publish","type":"post","link":"https:\/\/www.sudoestehoje.com.br\/novoportal\/2021\/05\/04\/itapetinga-pode-perder-unico-secretario-no-governo-de-rui-costa\/","title":{"rendered":"ITAPETINGA PODE PERDER \u00daNICO SECRET\u00c1RIO NO GOVERNO DE RUI COSTA"},"content":{"rendered":"<p><a href=\"https:\/\/www.sudoestehoje.com.br\/novoportal\/wp-content\/uploads\/2021\/05\/abatedouro.jpeg\"><img loading=\"lazy\" decoding=\"async\" class=\"aligncenter size-full wp-image-94627\" src=\"https:\/\/www.sudoestehoje.com.br\/novoportal\/wp-content\/uploads\/2021\/05\/abatedouro.jpeg\" alt=\"\" width=\"474\" height=\"329\" \/><\/a><\/p>\n<p>O \u00fanico nome do M\u00e9dio Sudoeste no governo Rui Costa, o agr\u00f4nomo Lucas Costa, pode perder o cargo, ainda esta semana, de acordo com a imprensa da capital. Lucas \u00e9 de Itapetinga e comanda a Secretaria Estadual da Agricultura &#8211; Seagri, na cota do PDT no governo.<\/p>\n<p>Segundo o prestigiado site <em>Bahia Not\u00edcias<\/em>, os titulares dos cargos indicados pelo deputado federal Felix Mendon\u00e7a, presidente estadual do PDT, devem ser exonerados para abrir espa\u00e7o para outro partido da base, o PSD. A mudan\u00e7a vinha sendo adiada, mas \u00e9 tida como inevit\u00e1vel, dada \u00e0 liga\u00e7\u00e3o de Felix com ACM Neto (DEM), advers\u00e1rio pol\u00edtico de Rui e do PT.<\/p>\n<p>Lucas Costa vem realizando um bom trabalho no governo e recentemente esteve em Itapetinga lan\u00e7ando a constru\u00e7\u00e3o de um Abatedouro de Frangos, atrav\u00e9s da sua secretaria, com recursos do governo federal.<\/p>\n<p>Caso se confirme a exonera\u00e7\u00e3o de Lucas Costa, o empreendimento pode ser cancelado, a n\u00e3o ser que o deputado governista da regi\u00e3o, que posou para fotos no lan\u00e7amento do abatedouro, n\u00e3o deixe a peteca cair.<\/p>\n<p>Ser\u00e1 que consegue, ou teremos outro cap\u00edtulo da novela <em>&#8216;Enrolation&#8217;<\/em>?<\/p>\n<p><strong><em>Por Davi Ferraz<\/em><\/strong><\/p>\n","protected":false},"excerpt":{"rendered":"<p>O \u00fanico nome do M\u00e9dio Sudoeste no governo Rui Costa, o agr\u00f4nomo Lucas Costa, pode perder o cargo, ainda esta semana, de acordo com a imprensa da capital. Lucas \u00e9 de Itapetinga e comanda a Secretaria Estadual da Agricultura &#8211; Seagri, na cota do PDT no governo. Segundo o prestigiado site Bahia Not\u00edcias, os titulares [&hellip;]<\/p>\n","protected":false},"author":2,"featured_media":94627,"comment_status":"open","ping_status":"open","sticky":false,"template":"","format":"standard","meta":{"footnotes":"","_links_to":"","_links_to_target":""},"categories":[1],"tags":[],"class_list":["post-94626","post","type-post","status-publish","format-standard","has-post-thumbnail","hentry","category-geral"],"views":1400,"_links":{"self":[{"href":"https:\/\/www.sudoestehoje.com.br\/novoportal\/wp-json\/wp\/v2\/posts\/94626","targetHints":{"allow":["GET"]}}],"collection":[{"href":"https:\/\/www.sudoestehoje.com.br\/novoportal\/wp-json\/wp\/v2\/posts"}],"about":[{"href":"https:\/\/www.sudoestehoje.com.br\/novoportal\/wp-json\/wp\/v2\/types\/post"}],"author":[{"embeddable":true,"href":"https:\/\/www.sudoestehoje.com.br\/novoportal\/wp-json\/wp\/v2\/users\/2"}],"replies":[{"embeddable":true,"href":"https:\/\/www.sudoestehoje.com.br\/novoportal\/wp-json\/wp\/v2\/comments?post=94626"}],"version-history":[{"count":1,"href":"https:\/\/www.sudoestehoje.com.br\/novoportal\/wp-json\/wp\/v2\/posts\/94626\/revisions"}],"predecessor-version":[{"id":94628,"href":"https:\/\/www.sudoestehoje.com.br\/novoportal\/wp-json\/wp\/v2\/posts\/94626\/revisions\/94628"}],"wp:featuredmedia":[{"embeddable":true,"href":"https:\/\/www.sudoestehoje.com.br\/novoportal\/wp-json\/wp\/v2\/media\/94627"}],"wp:attachment":[{"href":"https:\/\/www.sudoestehoje.com.br\/novoportal\/wp-json\/wp\/v2\/media?parent=94626"}],"wp:term":[{"taxonomy":"category","embeddable":true,"href":"https:\/\/www.sudoestehoje.com.br\/novoportal\/wp-json\/wp\/v2\/categories?post=94626"},{"taxonomy":"post_tag","embeddable":true,"href":"https:\/\/www.sudoestehoje.com.br\/novoportal\/wp-json\/wp\/v2\/tags?post=94626"}],"curies":[{"name":"wp","href":"https:\/\/api.w.org\/{rel}","templated":true}]}}