
{"id":94619,"date":"2021-05-04T20:01:04","date_gmt":"2021-05-04T23:01:04","guid":{"rendered":"https:\/\/www.sudoestehoje.com.br\/novoportal\/?p=94619"},"modified":"2021-05-04T20:12:10","modified_gmt":"2021-05-04T23:12:10","slug":"rui-expulsa-pdt-e-pl-amplia-espacos-do-pp-e-psb-e-da-secretaria-ao-podemos","status":"publish","type":"post","link":"https:\/\/www.sudoestehoje.com.br\/novoportal\/2021\/05\/04\/rui-expulsa-pdt-e-pl-amplia-espacos-do-pp-e-psb-e-da-secretaria-ao-podemos\/","title":{"rendered":"RUI COSTA EXPULSA PDT E PL DO GOVERNO E AMPLIA ESPA\u00c7OS DO PP, PSB E PODEMOS"},"content":{"rendered":"<p><a href=\"https:\/\/www.sudoestehoje.com.br\/novoportal\/wp-content\/uploads\/2021\/05\/Governador-Rui-Costa-20190208-1.jpg\"><img loading=\"lazy\" decoding=\"async\" class=\"aligncenter size-medium wp-image-94621\" src=\"https:\/\/www.sudoestehoje.com.br\/novoportal\/wp-content\/uploads\/2021\/05\/Governador-Rui-Costa-20190208-1-500x333.jpg\" alt=\"\" width=\"500\" height=\"333\" srcset=\"https:\/\/www.sudoestehoje.com.br\/novoportal\/wp-content\/uploads\/2021\/05\/Governador-Rui-Costa-20190208-1-500x333.jpg 500w, https:\/\/www.sudoestehoje.com.br\/novoportal\/wp-content\/uploads\/2021\/05\/Governador-Rui-Costa-20190208-1-700x467.jpg 700w, https:\/\/www.sudoestehoje.com.br\/novoportal\/wp-content\/uploads\/2021\/05\/Governador-Rui-Costa-20190208-1-768x512.jpg 768w, https:\/\/www.sudoestehoje.com.br\/novoportal\/wp-content\/uploads\/2021\/05\/Governador-Rui-Costa-20190208-1-1536x1024.jpg 1536w, https:\/\/www.sudoestehoje.com.br\/novoportal\/wp-content\/uploads\/2021\/05\/Governador-Rui-Costa-20190208-1-2048x1365.jpg 2048w\" sizes=\"auto, (max-width: 500px) 100vw, 500px\" \/><\/a><\/p>\n<p>O governador Rui Costa anuncia em instantes uma reforma administrativa que altera a titularidade de, pelo menos, cinco pastas. As mudan\u00e7as concluem a expectativa em torno da rearruma\u00e7\u00e3o das for\u00e7as ap\u00f3s as elei\u00e7\u00f5es de 2020 e tamb\u00e9m o duelo pelo comando da Assembleia Legislativa da Bahia (AL-BA). Perdem espa\u00e7o o PDT, que ser\u00e1 substitu\u00eddo pelo PSB na Agricultura, e o PL, que deixa o comando do Turismo.<\/p>\n<p>De acordo com informa\u00e7\u00f5es de bastidores, a Secretaria da Agricultura, Pecu\u00e1ria, Irriga\u00e7\u00e3o, Pesca e Aquicultura ficar\u00e1 sob a tutela de Jo\u00e3o Carlos, que seguia at\u00e9 ent\u00e3o na Secretaria de Meio Ambiente (Sema) sob indica\u00e7\u00e3o do PSB. A decis\u00e3o amplia o espa\u00e7o dos socialistas no governo, pois o or\u00e7amento e a infraestrutura da Seagri \u00e9 maior do que a pasta controlada pela legenda at\u00e9 aqui. O ex-titular da pasta, Lucas Costa, era uma indica\u00e7\u00e3o do PDT.<\/p>\n<p>Movimento similar, tamb\u00e9m em rea\u00e7\u00e3o ao apoio \u00e0 candidatura de Bruno Reis em Salvador, tirou o comando do Turismo do PL &#8211; o PDT e o PL marcharam com o DEM na capital baiana em 2020. Fausto Franco, ainda que renegado pelo partido, era considerado cota da legenda. A Setur ficar\u00e1 sob a tutela de Maur\u00edcio Bacelar, irm\u00e3o do presidente estadual do Podemos, deputado federal Bacelar. A indica\u00e7\u00e3o do consagu\u00edneo foi divulgada pelo Bahia Not\u00edcias (<a href=\"https:\/\/www.bahianoticias.com.br\/noticia\/258186-podemos-deve-indicar-novo-secretario-de-turismo-da-bahia-rui-avalia-nomes.html\" target=\"_blank\" rel=\"noopener noreferrer\">lembre aqui<\/a>), por\u00e9m o nome encontrou resist\u00eancia do pr\u00f3prio Rui \u00e0 \u00e9poca.<\/p>\n<p>As mudan\u00e7as ainda incluem uma rearruma\u00e7\u00e3o do secretariado para ampliar o espa\u00e7o do Progressistas (PP), depois que Nelson Leal n\u00e3o conseguiu o intento de ser reeleito para o comando da AL-BA. O ex-dirigente do Legislativo baiano vai comandar a Secretaria de Desenvolvimento Econ\u00f4mico, at\u00e9 ent\u00e3o comandada pelo presidente estadual da sigla e tamb\u00e9m vice-governador Jo\u00e3o Le\u00e3o. O vice, inclusive, permanece no primeiro escal\u00e3o, agora \u00e0 frente da Secretaria de Planejamento (<a href=\"https:\/\/www.bahianoticias.com.br\/noticia\/258592-rui-quer-nome-com-perfil-tecnico-na-casa-civil-vaga-nao-deve-ficar-com-partido-da-base.html\" target=\"_blank\" rel=\"noopener noreferrer\">lembre aqui<\/a>) &#8211; Walter Pinheiro (sem partido) era tido como cota pessoal do governador.<\/p>\n<p>Ainda n\u00e3o h\u00e1 informa\u00e7\u00f5es sobre a nova titularidade da Sema<em>. \/\/BN<\/em><\/p>\n","protected":false},"excerpt":{"rendered":"<p>O governador Rui Costa anuncia em instantes uma reforma administrativa que altera a titularidade de, pelo menos, cinco pastas. As mudan\u00e7as concluem a expectativa em torno da rearruma\u00e7\u00e3o das for\u00e7as ap\u00f3s as elei\u00e7\u00f5es de 2020 e tamb\u00e9m o duelo pelo comando da Assembleia Legislativa da Bahia (AL-BA). Perdem espa\u00e7o o PDT, que ser\u00e1 substitu\u00eddo pelo [&hellip;]<\/p>\n","protected":false},"author":2,"featured_media":94621,"comment_status":"open","ping_status":"open","sticky":false,"template":"","format":"standard","meta":{"footnotes":"","_links_to":"","_links_to_target":""},"categories":[1],"tags":[],"class_list":["post-94619","post","type-post","status-publish","format-standard","has-post-thumbnail","hentry","category-geral"],"views":1125,"_links":{"self":[{"href":"https:\/\/www.sudoestehoje.com.br\/novoportal\/wp-json\/wp\/v2\/posts\/94619","targetHints":{"allow":["GET"]}}],"collection":[{"href":"https:\/\/www.sudoestehoje.com.br\/novoportal\/wp-json\/wp\/v2\/posts"}],"about":[{"href":"https:\/\/www.sudoestehoje.com.br\/novoportal\/wp-json\/wp\/v2\/types\/post"}],"author":[{"embeddable":true,"href":"https:\/\/www.sudoestehoje.com.br\/novoportal\/wp-json\/wp\/v2\/users\/2"}],"replies":[{"embeddable":true,"href":"https:\/\/www.sudoestehoje.com.br\/novoportal\/wp-json\/wp\/v2\/comments?post=94619"}],"version-history":[{"count":4,"href":"https:\/\/www.sudoestehoje.com.br\/novoportal\/wp-json\/wp\/v2\/posts\/94619\/revisions"}],"predecessor-version":[{"id":94625,"href":"https:\/\/www.sudoestehoje.com.br\/novoportal\/wp-json\/wp\/v2\/posts\/94619\/revisions\/94625"}],"wp:featuredmedia":[{"embeddable":true,"href":"https:\/\/www.sudoestehoje.com.br\/novoportal\/wp-json\/wp\/v2\/media\/94621"}],"wp:attachment":[{"href":"https:\/\/www.sudoestehoje.com.br\/novoportal\/wp-json\/wp\/v2\/media?parent=94619"}],"wp:term":[{"taxonomy":"category","embeddable":true,"href":"https:\/\/www.sudoestehoje.com.br\/novoportal\/wp-json\/wp\/v2\/categories?post=94619"},{"taxonomy":"post_tag","embeddable":true,"href":"https:\/\/www.sudoestehoje.com.br\/novoportal\/wp-json\/wp\/v2\/tags?post=94619"}],"curies":[{"name":"wp","href":"https:\/\/api.w.org\/{rel}","templated":true}]}}