
{"id":946,"date":"2010-10-05T12:46:14","date_gmt":"2010-10-05T15:46:14","guid":{"rendered":"http:\/\/sudoestehoje.tempsite.ws\/novoportal\/?p=946"},"modified":"2010-10-05T12:46:14","modified_gmt":"2010-10-05T15:46:14","slug":"lula-chama-geddel-para-conversar","status":"publish","type":"post","link":"https:\/\/www.sudoestehoje.com.br\/novoportal\/2010\/10\/05\/lula-chama-geddel-para-conversar\/","title":{"rendered":"Lula chama Geddel para conversar"},"content":{"rendered":"<p style=\"text-align: center;\"><img loading=\"lazy\" decoding=\"async\" src=\"http:\/\/www.bahianoticias.com.br\/fotos\/editor\/Image\/FOTOS%20NOVAS\/geddel-e-lula.JPG\" alt=\"\" width=\"350\" height=\"245\" \/><\/p>\n<p>O terceiro lugar de Geddel Vieira Lima na sucess\u00e3o estadual\u00a0foi amargo, mas lhe rendeu pouco mais de um milh\u00e3o de votos, um patrim\u00f4nio que passou a ser cobi\u00e7ado por Jos\u00e9 Serra, que para ele ligou na madrugada de domingo para segunda, e, no fim da tarde de ontem, foi chamado a Bras\u00edlia. O presidente Lula quer conversar com ele. Deveria ser a candidata Dilma a quem caberia o convite, mas ela meteu os p\u00e9s pelas m\u00e3os, no que Geddel considerou uma trai\u00e7\u00e3o inesperada, e comunicou, via imprensa, que n\u00e3o subiria no seu palanque, nem Lula, mas sim exclusivamente no de Wagner. Poderia ter rompido o acordo do palanque duplo de forma elevada, conversando e expondo os seus motivos ao candidato. Entendia, por\u00e9m, que estava eleita em primeiro turno, e alegou a vantagem de Wagner na sucess\u00e3o baiana. Geddel viajou e disse que conversar\u00e1 com o presidente absolutamente calmo e tranquilo. Se ter\u00e1, ainda, espa\u00e7o de di\u00e1logo com Dilma, n\u00e3o se sabe. O pol\u00edtico baiano \u00e9 do PMDB e integra o grupo que forma com Michel Temer. O PMDB, vale lembrar, est\u00e1 coligado com o PT, embora para a legenda n\u00e3o signifique muita coisa porque o partido \u00e9 tradicionalmente dividido.\u00a0Apesar de\u00a0muito calmo, Geddel lembra da forma como foi tra\u00eddo e diz que n\u00e3o pretende retaliar. Enfim, um dia atr\u00e1s do outro. E como o mundo d\u00e1 voltas&#8230; BN (Samuel Celestino)<\/p>\n","protected":false},"excerpt":{"rendered":"<p>O terceiro lugar de Geddel Vieira Lima na sucess\u00e3o estadual\u00a0foi amargo, mas lhe rendeu pouco mais de um milh\u00e3o de votos, um patrim\u00f4nio que passou a ser cobi\u00e7ado por Jos\u00e9 Serra, que para ele ligou na madrugada de domingo para segunda, e, no fim da tarde de ontem, foi chamado a Bras\u00edlia. O presidente Lula [&hellip;]<\/p>\n","protected":false},"author":2,"featured_media":0,"comment_status":"open","ping_status":"open","sticky":false,"template":"","format":"standard","meta":{"footnotes":"","_links_to":"","_links_to_target":""},"categories":[1],"tags":[],"class_list":["post-946","post","type-post","status-publish","format-standard","hentry","category-geral"],"views":1408,"_links":{"self":[{"href":"https:\/\/www.sudoestehoje.com.br\/novoportal\/wp-json\/wp\/v2\/posts\/946","targetHints":{"allow":["GET"]}}],"collection":[{"href":"https:\/\/www.sudoestehoje.com.br\/novoportal\/wp-json\/wp\/v2\/posts"}],"about":[{"href":"https:\/\/www.sudoestehoje.com.br\/novoportal\/wp-json\/wp\/v2\/types\/post"}],"author":[{"embeddable":true,"href":"https:\/\/www.sudoestehoje.com.br\/novoportal\/wp-json\/wp\/v2\/users\/2"}],"replies":[{"embeddable":true,"href":"https:\/\/www.sudoestehoje.com.br\/novoportal\/wp-json\/wp\/v2\/comments?post=946"}],"version-history":[{"count":3,"href":"https:\/\/www.sudoestehoje.com.br\/novoportal\/wp-json\/wp\/v2\/posts\/946\/revisions"}],"predecessor-version":[{"id":949,"href":"https:\/\/www.sudoestehoje.com.br\/novoportal\/wp-json\/wp\/v2\/posts\/946\/revisions\/949"}],"wp:attachment":[{"href":"https:\/\/www.sudoestehoje.com.br\/novoportal\/wp-json\/wp\/v2\/media?parent=946"}],"wp:term":[{"taxonomy":"category","embeddable":true,"href":"https:\/\/www.sudoestehoje.com.br\/novoportal\/wp-json\/wp\/v2\/categories?post=946"},{"taxonomy":"post_tag","embeddable":true,"href":"https:\/\/www.sudoestehoje.com.br\/novoportal\/wp-json\/wp\/v2\/tags?post=946"}],"curies":[{"name":"wp","href":"https:\/\/api.w.org\/{rel}","templated":true}]}}