
{"id":94586,"date":"2021-05-03T22:11:22","date_gmt":"2021-05-04T01:11:22","guid":{"rendered":"https:\/\/www.sudoestehoje.com.br\/novoportal\/?p=94586"},"modified":"2021-05-03T22:16:45","modified_gmt":"2021-05-04T01:16:45","slug":"bahia-perto-de-1-milhao-de-infectados-pela-covid-19-mais-de-18-mil-mortes-foram-registradas","status":"publish","type":"post","link":"https:\/\/www.sudoestehoje.com.br\/novoportal\/2021\/05\/03\/bahia-perto-de-1-milhao-de-infectados-pela-covid-19-mais-de-18-mil-mortes-foram-registradas\/","title":{"rendered":"BAHIA PERTO DE 1 MILH\u00c3O DE INFECTADOS PELA COVID-19; MAIS DE 18 MIL MORTES FORAM REGISTRADAS"},"content":{"rendered":"<p><a href=\"https:\/\/www.sudoestehoje.com.br\/novoportal\/wp-content\/uploads\/2021\/05\/CemiterioCovid.jpg\"><img loading=\"lazy\" decoding=\"async\" class=\"size-medium wp-image-94588\" src=\"https:\/\/www.sudoestehoje.com.br\/novoportal\/wp-content\/uploads\/2021\/05\/CemiterioCovid-500x333.jpg\" alt=\"\" width=\"500\" height=\"333\" srcset=\"https:\/\/www.sudoestehoje.com.br\/novoportal\/wp-content\/uploads\/2021\/05\/CemiterioCovid-500x333.jpg 500w, https:\/\/www.sudoestehoje.com.br\/novoportal\/wp-content\/uploads\/2021\/05\/CemiterioCovid-700x466.jpg 700w, https:\/\/www.sudoestehoje.com.br\/novoportal\/wp-content\/uploads\/2021\/05\/CemiterioCovid-768x512.jpg 768w, https:\/\/www.sudoestehoje.com.br\/novoportal\/wp-content\/uploads\/2021\/05\/CemiterioCovid.jpg 800w\" sizes=\"auto, (max-width: 500px) 100vw, 500px\" \/><\/a><\/p>\n<p>Desde o in\u00edcio da crise sanit\u00e1ria,<strong> a Bahia contabiliza 909.912 infec\u00e7\u00f5es\u00a0e 18.730 \u00f3bitos<\/strong> confirmados pelo Sars-Cov-2. O boletim tamb\u00e9m registra informa\u00e7\u00f5es referentes a regula\u00e7\u00e3o da Covid-19 na Bahia.<\/p>\n<p>Nas \u00faltimas 24 horas o estado registrou 89 novos \u00f3bitos por Covid-19 e 2.791 casos confirmados. As informa\u00e7\u00f5es s\u00e3o do boletim epidemiol\u00f3gico desta segunda-feira (3) divulgado pela Secretaria Estadual de Sa\u00fade (Sesab).<\/p>\n<p>Quanto a vacina\u00e7\u00e3o, a Sesab informa que a Bahia conta com 2.436.599 vacinados contra o novo coronav\u00edrus &#8211; 1.139.504 destes tamb\u00e9m receberam a segunda dose do imunizante.<\/p>\n","protected":false},"excerpt":{"rendered":"<p>Desde o in\u00edcio da crise sanit\u00e1ria, a Bahia contabiliza 909.912 infec\u00e7\u00f5es\u00a0e 18.730 \u00f3bitos confirmados pelo Sars-Cov-2. O boletim tamb\u00e9m registra informa\u00e7\u00f5es referentes a regula\u00e7\u00e3o da Covid-19 na Bahia. Nas \u00faltimas 24 horas o estado registrou 89 novos \u00f3bitos por Covid-19 e 2.791 casos confirmados. As informa\u00e7\u00f5es s\u00e3o do boletim epidemiol\u00f3gico desta segunda-feira (3) divulgado pela [&hellip;]<\/p>\n","protected":false},"author":2,"featured_media":94588,"comment_status":"open","ping_status":"open","sticky":false,"template":"","format":"standard","meta":{"footnotes":"","_links_to":"","_links_to_target":""},"categories":[1],"tags":[],"class_list":["post-94586","post","type-post","status-publish","format-standard","has-post-thumbnail","hentry","category-geral"],"views":719,"_links":{"self":[{"href":"https:\/\/www.sudoestehoje.com.br\/novoportal\/wp-json\/wp\/v2\/posts\/94586","targetHints":{"allow":["GET"]}}],"collection":[{"href":"https:\/\/www.sudoestehoje.com.br\/novoportal\/wp-json\/wp\/v2\/posts"}],"about":[{"href":"https:\/\/www.sudoestehoje.com.br\/novoportal\/wp-json\/wp\/v2\/types\/post"}],"author":[{"embeddable":true,"href":"https:\/\/www.sudoestehoje.com.br\/novoportal\/wp-json\/wp\/v2\/users\/2"}],"replies":[{"embeddable":true,"href":"https:\/\/www.sudoestehoje.com.br\/novoportal\/wp-json\/wp\/v2\/comments?post=94586"}],"version-history":[{"count":2,"href":"https:\/\/www.sudoestehoje.com.br\/novoportal\/wp-json\/wp\/v2\/posts\/94586\/revisions"}],"predecessor-version":[{"id":94589,"href":"https:\/\/www.sudoestehoje.com.br\/novoportal\/wp-json\/wp\/v2\/posts\/94586\/revisions\/94589"}],"wp:featuredmedia":[{"embeddable":true,"href":"https:\/\/www.sudoestehoje.com.br\/novoportal\/wp-json\/wp\/v2\/media\/94588"}],"wp:attachment":[{"href":"https:\/\/www.sudoestehoje.com.br\/novoportal\/wp-json\/wp\/v2\/media?parent=94586"}],"wp:term":[{"taxonomy":"category","embeddable":true,"href":"https:\/\/www.sudoestehoje.com.br\/novoportal\/wp-json\/wp\/v2\/categories?post=94586"},{"taxonomy":"post_tag","embeddable":true,"href":"https:\/\/www.sudoestehoje.com.br\/novoportal\/wp-json\/wp\/v2\/tags?post=94586"}],"curies":[{"name":"wp","href":"https:\/\/api.w.org\/{rel}","templated":true}]}}