
{"id":94583,"date":"2021-05-03T11:08:15","date_gmt":"2021-05-03T14:08:15","guid":{"rendered":"https:\/\/www.sudoestehoje.com.br\/novoportal\/?p=94583"},"modified":"2021-05-03T11:08:15","modified_gmt":"2021-05-03T14:08:15","slug":"bahia-vai-receber-400-mil-doses-da-vacina-da-pfizer-nesta-segunda","status":"publish","type":"post","link":"https:\/\/www.sudoestehoje.com.br\/novoportal\/2021\/05\/03\/bahia-vai-receber-400-mil-doses-da-vacina-da-pfizer-nesta-segunda\/","title":{"rendered":"BAHIA VAI RECEBER 400 MIL DOSES DA VACINA DA PFIZER NESTA SEGUNDA"},"content":{"rendered":"<p><a href=\"https:\/\/www.sudoestehoje.com.br\/novoportal\/wp-content\/uploads\/2021\/05\/pizfer.jpg\"><img loading=\"lazy\" decoding=\"async\" class=\"aligncenter size-medium wp-image-94584\" src=\"https:\/\/www.sudoestehoje.com.br\/novoportal\/wp-content\/uploads\/2021\/05\/pizfer-500x281.jpg\" alt=\"\" width=\"500\" height=\"281\" srcset=\"https:\/\/www.sudoestehoje.com.br\/novoportal\/wp-content\/uploads\/2021\/05\/pizfer-500x281.jpg 500w, https:\/\/www.sudoestehoje.com.br\/novoportal\/wp-content\/uploads\/2021\/05\/pizfer.jpg 640w\" sizes=\"auto, (max-width: 500px) 100vw, 500px\" \/><\/a><\/p>\n<p>A Bahia vai receber, nesta segunda-feira (3), 431.910 doses da vacina contra a Covid-19. A informa\u00e7\u00e3o foi confirmada pela Secretaria Estadual de Sa\u00fade (Sesab) neste domingo (2).405 mil s\u00e3o AstraZeneca e 26.910 s\u00e3o do primeiro lote da Pfizer.<\/p>\n<p>De acordo com a Sesab, o secret\u00e1rio da Sa\u00fade do Estado, F\u00e1bio Vilas-Boas, estar\u00e1 presente no Grupamento A\u00e9reo da Pol\u00edcia Militar da Bahia (Graer) para receber e conferir os imunizantes da Pfizer.<\/p>\n<p>As vacinas da Pfizer tem uma log\u00edstica diferente, pois precisam ser armazenadas em temperaturas de at\u00e9 \u2013 70\u00b0C. Os imunizantes ser\u00e3o transportados em caixas especiais e s\u00f3 ser\u00e3o abertos em um local de armazenamento definitivo em Salvador. Para durarem 14 dias, ser\u00e1 necess\u00e1rio que fiquem armazenados em<br \/>\ntemperaturas que variam de -25\u00b0C a -15\u00b0C.<\/p>\n","protected":false},"excerpt":{"rendered":"<p>A Bahia vai receber, nesta segunda-feira (3), 431.910 doses da vacina contra a Covid-19. A informa\u00e7\u00e3o foi confirmada pela Secretaria Estadual de Sa\u00fade (Sesab) neste domingo (2).405 mil s\u00e3o AstraZeneca e 26.910 s\u00e3o do primeiro lote da Pfizer. De acordo com a Sesab, o secret\u00e1rio da Sa\u00fade do Estado, F\u00e1bio Vilas-Boas, estar\u00e1 presente no Grupamento [&hellip;]<\/p>\n","protected":false},"author":2,"featured_media":94584,"comment_status":"open","ping_status":"open","sticky":false,"template":"","format":"standard","meta":{"footnotes":"","_links_to":"","_links_to_target":""},"categories":[1],"tags":[],"class_list":["post-94583","post","type-post","status-publish","format-standard","has-post-thumbnail","hentry","category-geral"],"views":711,"_links":{"self":[{"href":"https:\/\/www.sudoestehoje.com.br\/novoportal\/wp-json\/wp\/v2\/posts\/94583","targetHints":{"allow":["GET"]}}],"collection":[{"href":"https:\/\/www.sudoestehoje.com.br\/novoportal\/wp-json\/wp\/v2\/posts"}],"about":[{"href":"https:\/\/www.sudoestehoje.com.br\/novoportal\/wp-json\/wp\/v2\/types\/post"}],"author":[{"embeddable":true,"href":"https:\/\/www.sudoestehoje.com.br\/novoportal\/wp-json\/wp\/v2\/users\/2"}],"replies":[{"embeddable":true,"href":"https:\/\/www.sudoestehoje.com.br\/novoportal\/wp-json\/wp\/v2\/comments?post=94583"}],"version-history":[{"count":1,"href":"https:\/\/www.sudoestehoje.com.br\/novoportal\/wp-json\/wp\/v2\/posts\/94583\/revisions"}],"predecessor-version":[{"id":94585,"href":"https:\/\/www.sudoestehoje.com.br\/novoportal\/wp-json\/wp\/v2\/posts\/94583\/revisions\/94585"}],"wp:featuredmedia":[{"embeddable":true,"href":"https:\/\/www.sudoestehoje.com.br\/novoportal\/wp-json\/wp\/v2\/media\/94584"}],"wp:attachment":[{"href":"https:\/\/www.sudoestehoje.com.br\/novoportal\/wp-json\/wp\/v2\/media?parent=94583"}],"wp:term":[{"taxonomy":"category","embeddable":true,"href":"https:\/\/www.sudoestehoje.com.br\/novoportal\/wp-json\/wp\/v2\/categories?post=94583"},{"taxonomy":"post_tag","embeddable":true,"href":"https:\/\/www.sudoestehoje.com.br\/novoportal\/wp-json\/wp\/v2\/tags?post=94583"}],"curies":[{"name":"wp","href":"https:\/\/api.w.org\/{rel}","templated":true}]}}